[{"command":"settings","settings":{"pluralDelimiter":"\u0003","suppressDeprecationErrors":true,"ajaxPageState":{"libraries":"eJxLzi9K1S_ITC4pLUpNy8zJ0UmpzEvMzUyOT80rySypjM_JLC7RL87IL4_PBaoEALH_EqY","theme":"ivory","theme_token":null},"ajaxTrustedUrl":[],"user":{"uid":0,"permissionsHash":"9c975576f1b96e43d31b3ff34c1ca6b53b6096ff14d83974ef00f2d68011e8fb"}},"merge":true},{"command":"add_css","data":[{"rel":"stylesheet","media":"all","href":"\/core\/themes\/stable9\/css\/core\/components\/progress.module.css?te7139"},{"rel":"stylesheet","media":"all","href":"\/core\/themes\/stable9\/css\/core\/components\/ajax-progress.module.css?te7139"},{"rel":"stylesheet","media":"all","href":"\/themes\/contrib\/gin\/dist\/css\/components\/ajax.css?te7139"}]},{"command":"add_js","selector":"body","data":[{"src":"\/core\/assets\/vendor\/jquery\/jquery.min.js?v=4.0.0"},{"src":"\/sites\/default\/files\/js\/js_0fsiEo0Uh91-ihr-4orxLwZQeIIyrdaudiNWjAvaXWo.js?scope=footer\u0026delta=1\u0026language=de-pv\u0026theme=ivory\u0026include=eJxLqcxLzM1Mjk_NK8ksqYzPySwu0S_OyC-Pz80vSgUAtBcL_w"}]},{"command":"showMoreTeasers","id":"del--paragraph-695664","content":"\u003Ca href=\u0022\/solarparks\/naechster-newsletter-fuer-investoren-neue-modelle-zur-finanzierung-mit-fremdkapital\u0022  class=\u0022teaser teaser--standard\u0022 aria-label=\u0022N\u00e4chster Newsletter f\u00fcr Investoren: Neue Modelle zur Finanzierung mit Fremdkapital\u0022\u003E\n      \u003Cdiv class=\u0022teaser-content--image\u0022\u003E\n        \u003Cfigure class=\u0022image--figure\u0022\u003E\n        \u003Cpicture\u003E\n                        \u003Csource srcset=\u0022\/sites\/default\/files\/styles\/teaser_standard__m\/public\/aurora\/2025\/06\/457776.jpeg.webp?itok=MsWqtRzl 1x\u0022 media=\u0022(min-width: 48.0625em) and (max-width: 64em)\u0022 type=\u0022image\/webp\u0022 width=\u0022323\u0022 height=\u0022182\u0022\/\u003E\n                  \u003Csource srcset=\u0022\/sites\/default\/files\/styles\/teaser_standard__l\/public\/aurora\/2025\/06\/457776.jpeg.webp?itok=_oTY8mSb 1x\u0022 media=\u0022(min-width: 64.0625em)\u0022 type=\u0022image\/webp\u0022 width=\u0022203\u0022 height=\u0022114\u0022\/\u003E\n                  \u003Csource srcset=\u0022\/sites\/default\/files\/styles\/teaser_standard__m\/public\/aurora\/2025\/06\/457776.jpeg?itok=cwNTEvYp 1x\u0022 media=\u0022(min-width: 48.0625em) and (max-width: 64em)\u0022 type=\u0022image\/jpeg\u0022 width=\u0022323\u0022 height=\u0022182\u0022\/\u003E\n                  \u003Csource srcset=\u0022\/sites\/default\/files\/styles\/teaser_standard__l\/public\/aurora\/2025\/06\/457776.jpeg?itok=sKWw0WjG 1x\u0022 media=\u0022(min-width: 64.0625em)\u0022 type=\u0022image\/jpeg\u0022 width=\u0022203\u0022 height=\u0022114\u0022\/\u003E\n                          \u003Cimg alt=\u0022Im Oktober 2024 testete EDP erstmals einen Roboter zur Montage von Solarparks.\u0022 loading=\u0022eager\u0022 data-caption-hide width=\u0022708\u0022 height=\u0022398\u0022 data-zoomed=\u0022https:\/\/www.photovoltaik.eu\/sites\/default\/files\/styles\/content__zoomed\/public\/aurora\/2025\/06\/457776.jpeg?itok=q0qZMoi9\u0022 src=\u0022\/sites\/default\/files\/styles\/teaser_standard__s\/public\/aurora\/2025\/06\/457776.jpeg?itok=A5392FDm\u0022 title=\u0022\u00a9 Comau\u0022 \/\u003E\n\n    \u003C\/picture\u003E\n      \u003Cfigcaption class=\u0022image--figcaption\u0022\u003E\n          \u003Cdiv class=\u0022copyright\u0022\u003EComau\u003C\/div\u003E\n          \u003C\/figcaption\u003E\n\u003C\/figure\u003E\n\n\n    \u003C\/div\u003E\n    \u003Cdiv class=\u0022teaser-content\u0022\u003E\n                    \u003Cdiv class=\u0022teaser-content--kicker\u0022\u003E\n                    \n        \u003C\/div\u003E\n                                              \n                        \n        \u003Ch4 class=\u0022teaser-content--headline\u0022\u003E\n                                N\u00e4chster Newsletter f\u00fcr Investoren: Neue Modelle zur Finanzierung mit \n                              \u003Cspan class=\u0022headline-last-word-arrow\u0022\u003EFremdkapital                      \u003C\/span\u003E\n        \u003C\/h4\u003E\n            \u003Cdiv class=\u0022teaser-content--publishing-date\u0022\u003E\u003Ctime datetime=\u00222025-07-05T10:00:00Z\u0022\u003E05.07.2025\u003C\/time\u003E\n\u003C\/div\u003E\u003Cspan class=\u0022teaser-content--publishing-date-divider\u0022\u003E - \u003C\/span\u003E\u003Cdiv class=\u0022teaser-content--body\u0022\u003E\u003Cp\u003EDie Technik ist ausgereift und wirtschaftlich. Neue Gesch\u00e4ftsmodelle \u00f6ffnen neue Anwendungen. Doch die Beschaffung von Fremdkapital erweist sich als Nadel\u00f6hr. Unser n\u00e4chster Newsletter f\u00fcr Anleger erscheint am 9. Juli 2025. Melden Sie sich rechtzeitig an, dann bleiben Sie auf dem Laufenden!\u003C\/p\u003E\n\u003C\/div\u003E\n                        \u003Cspan class=\u0022read-more-arrow-container\u0022\u003E\n            \u003Cspan class=\u0022read-more-angled-arrow\u0022\u003E \u003C\/span\u003E\n          \u003C\/span\u003E\n                  \u003C\/div\u003E\n    \u003C\/a\u003E\n\u003Ca href=\u0022\/solarparks\/edp-weltweit-mehr-als-15-gigawatt-ppas-unter-vertrag\u0022  class=\u0022teaser teaser--standard\u0022 aria-label=\u0022EDP: Weltweit mehr als 15 Gigawatt in PPAs unter Vertrag\u0022\u003E\n      \u003Cdiv class=\u0022teaser-content--image\u0022\u003E\n        \u003Cfigure class=\u0022image--figure\u0022\u003E\n        \u003Cpicture\u003E\n                        \u003Csource srcset=\u0022\/sites\/default\/files\/styles\/teaser_standard__m\/public\/aurora\/2025\/03\/436196.jpeg.webp?itok=jnxz5mz0 1x\u0022 media=\u0022(min-width: 48.0625em) and (max-width: 64em)\u0022 type=\u0022image\/webp\u0022 width=\u0022323\u0022 height=\u0022182\u0022\/\u003E\n                  \u003Csource srcset=\u0022\/sites\/default\/files\/styles\/teaser_standard__l\/public\/aurora\/2025\/03\/436196.jpeg.webp?itok=ME4CK16e 1x\u0022 media=\u0022(min-width: 64.0625em)\u0022 type=\u0022image\/webp\u0022 width=\u0022203\u0022 height=\u0022114\u0022\/\u003E\n                  \u003Csource srcset=\u0022\/sites\/default\/files\/styles\/teaser_standard__m\/public\/aurora\/2025\/03\/436196.jpeg?itok=R_fbZVWc 1x\u0022 media=\u0022(min-width: 48.0625em) and (max-width: 64em)\u0022 type=\u0022image\/jpeg\u0022 width=\u0022323\u0022 height=\u0022182\u0022\/\u003E\n                  \u003Csource srcset=\u0022\/sites\/default\/files\/styles\/teaser_standard__l\/public\/aurora\/2025\/03\/436196.jpeg?itok=jh_yFPQ0 1x\u0022 media=\u0022(min-width: 64.0625em)\u0022 type=\u0022image\/jpeg\u0022 width=\u0022203\u0022 height=\u0022114\u0022\/\u003E\n                          \u003Cimg alt=\u0022Im Oktober 2024 testete EDP den neuen Montageroboter von Comau erstmals in einem Solarpark.\u0022 loading=\u0022eager\u0022 data-caption-hide width=\u0022708\u0022 height=\u0022398\u0022 data-zoomed=\u0022https:\/\/www.photovoltaik.eu\/sites\/default\/files\/styles\/content__zoomed\/public\/aurora\/2025\/03\/436196.jpeg?itok=vwm7GqmY\u0022 src=\u0022\/sites\/default\/files\/styles\/teaser_standard__s\/public\/aurora\/2025\/03\/436196.jpeg?itok=RlSCuwBV\u0022 title=\u0022\u00a9 Comau\u0022 \/\u003E\n\n    \u003C\/picture\u003E\n      \u003Cfigcaption class=\u0022image--figcaption\u0022\u003E\n          \u003Cdiv class=\u0022copyright\u0022\u003EComau\u003C\/div\u003E\n          \u003C\/figcaption\u003E\n\u003C\/figure\u003E\n\n\n    \u003C\/div\u003E\n    \u003Cdiv class=\u0022teaser-content\u0022\u003E\n                    \u003Cdiv class=\u0022teaser-content--kicker\u0022\u003E\n                    \n        \u003C\/div\u003E\n                                              \n                        \n        \u003Ch4 class=\u0022teaser-content--headline\u0022\u003E\n                                EDP: Weltweit mehr als 15 Gigawatt in PPAs unter \n                              \u003Cspan class=\u0022headline-last-word-arrow\u0022\u003EVertrag                      \u003C\/span\u003E\n        \u003C\/h4\u003E\n            \u003Cdiv class=\u0022teaser-content--publishing-date\u0022\u003E\u003Ctime datetime=\u00222025-04-09T06:00:00Z\u0022\u003E09.04.2025\u003C\/time\u003E\n\u003C\/div\u003E\u003Cspan class=\u0022teaser-content--publishing-date-divider\u0022\u003E - \u003C\/span\u003E\u003Cdiv class=\u0022teaser-content--body\u0022\u003E\u003Cp\u003EDie j\u00e4hrlich erzeugte Energiemenge \u00fcbersteigt 41 Terawattstunden. Etwa ein F\u00fcnftel der Liefervertr\u00e4ge dient der Versorgung von Rechenzentren, deren Stromhunger stetig w\u00e4chst.\u003C\/p\u003E\n\u003C\/div\u003E\n                        \u003Cspan class=\u0022read-more-arrow-container\u0022\u003E\n            \u003Cspan class=\u0022read-more-angled-arrow\u0022\u003E \u003C\/span\u003E\n          \u003C\/span\u003E\n                  \u003C\/div\u003E\n    \u003C\/a\u003E\n\u003Ca href=\u0022\/foerderung\/bnetza-sieht-hochlaufentgelt-fuer-h2-kernnetz-bei-25-euro\u0022  class=\u0022teaser teaser--standard\u0022 aria-label=\u0022BNetzA sieht Hochlaufentgelt f\u00fcr H2-Kernnetz bei 25 Euro \u0022\u003E\n      \u003Cdiv class=\u0022teaser-content--image\u0022\u003E\n        \u003Cfigure class=\u0022image--figure\u0022\u003E\n        \u003Cpicture\u003E\n                        \u003Csource srcset=\u0022\/sites\/default\/files\/styles\/teaser_standard__m\/public\/aurora\/2025\/04\/438537.jpeg.webp?itok=sMNneCdr 1x\u0022 media=\u0022(min-width: 48.0625em) and (max-width: 64em)\u0022 type=\u0022image\/webp\u0022 width=\u0022323\u0022 height=\u0022182\u0022\/\u003E\n                  \u003Csource srcset=\u0022\/sites\/default\/files\/styles\/teaser_standard__l\/public\/aurora\/2025\/04\/438537.jpeg.webp?itok=P3KVsTK- 1x\u0022 media=\u0022(min-width: 64.0625em)\u0022 type=\u0022image\/webp\u0022 width=\u0022203\u0022 height=\u0022114\u0022\/\u003E\n                  \u003Csource srcset=\u0022\/sites\/default\/files\/styles\/teaser_standard__m\/public\/aurora\/2025\/04\/438537.jpeg?itok=xT3I5P6Z 1x\u0022 media=\u0022(min-width: 48.0625em) and (max-width: 64em)\u0022 type=\u0022image\/jpeg\u0022 width=\u0022323\u0022 height=\u0022182\u0022\/\u003E\n                  \u003Csource srcset=\u0022\/sites\/default\/files\/styles\/teaser_standard__l\/public\/aurora\/2025\/04\/438537.jpeg?itok=uC7i72_- 1x\u0022 media=\u0022(min-width: 64.0625em)\u0022 type=\u0022image\/jpeg\u0022 width=\u0022203\u0022 height=\u0022114\u0022\/\u003E\n                          \u003Cimg alt=\u0022Der T\u00dcV pr\u00fcft eine H2-Tankstelle vor der Inbetriebnahme.\u0022 loading=\u0022eager\u0022 data-caption-hide width=\u0022708\u0022 height=\u0022398\u0022 data-zoomed=\u0022https:\/\/www.photovoltaik.eu\/sites\/default\/files\/styles\/content__zoomed\/public\/aurora\/2025\/04\/438537.jpeg?itok=uGotnG5B\u0022 src=\u0022\/sites\/default\/files\/styles\/teaser_standard__s\/public\/aurora\/2025\/04\/438537.jpeg?itok=Qtu4V4mK\u0022 title=\u0022\u00a9 T\u00dcV Th\u00fcringen\u0022 \/\u003E\n\n    \u003C\/picture\u003E\n      \u003Cfigcaption class=\u0022image--figcaption\u0022\u003E\n          \u003Cdiv class=\u0022copyright\u0022\u003ET\u00dcV Th\u00fcringen\u003C\/div\u003E\n          \u003C\/figcaption\u003E\n\u003C\/figure\u003E\n\n\n    \u003C\/div\u003E\n    \u003Cdiv class=\u0022teaser-content\u0022\u003E\n                    \u003Cdiv class=\u0022teaser-content--kicker\u0022\u003E\n                    \n        \u003C\/div\u003E\n                                              \n                        \n        \u003Ch4 class=\u0022teaser-content--headline\u0022\u003E\n                                BNetzA sieht Hochlaufentgelt f\u00fcr H2-Kernnetz bei 25 \n                              \u003Cspan class=\u0022headline-last-word-arrow\u0022\u003EEuro                      \u003C\/span\u003E\n        \u003C\/h4\u003E\n            \u003Cdiv class=\u0022teaser-content--publishing-date\u0022\u003E\u003Ctime datetime=\u00222025-04-08T13:00:06Z\u0022\u003E08.04.2025\u003C\/time\u003E\n\u003C\/div\u003E\u003Cspan class=\u0022teaser-content--publishing-date-divider\u0022\u003E - \u003C\/span\u003E\u003Cdiv class=\u0022teaser-content--body\u0022\u003E\u003Cp\u003EDie Bundesnetzagentur hat den Entwurf f\u00fcr das Hochlaufentgelt im Wasserstoff-Kernnetz ver\u00f6ffentlicht. Ein Netzkunde darf demnach f\u00fcr 25 Euro ein Jahr lang jede Stunde eine Kilowattstunde Wasserstoff ein- oder auszuspeisen. Die Einnahmen sollen den Aufbau und Betrieb des H2-Kernnetzes \u00fcber 30 Jahre solide finanzieren.\u003C\/p\u003E\n\u003C\/div\u003E\n                        \u003Cspan class=\u0022read-more-arrow-container\u0022\u003E\n            \u003Cspan class=\u0022read-more-angled-arrow\u0022\u003E \u003C\/span\u003E\n          \u003C\/span\u003E\n                  \u003C\/div\u003E\n    \u003C\/a\u003E\n\u003Ca href=\u0022\/foerderung\/dena-risikoabsicherung-bei-ppas-staerkt-oekostromausbau\u0022  class=\u0022teaser teaser--standard\u0022 aria-label=\u0022Dena: Risikoabsicherung bei PPAs st\u00e4rkt \u00d6kostromausbau\u0022\u003E\n      \u003Cdiv class=\u0022teaser-content--image\u0022\u003E\n        \u003Cfigure class=\u0022image--figure\u0022\u003E\n        \u003Cpicture\u003E\n                        \u003Csource srcset=\u0022\/sites\/default\/files\/styles\/teaser_standard__m\/public\/aurora\/2025\/02\/425139.jpeg.webp?itok=CRS4-jMn 1x\u0022 media=\u0022(min-width: 48.0625em) and (max-width: 64em)\u0022 type=\u0022image\/webp\u0022 width=\u0022323\u0022 height=\u0022182\u0022\/\u003E\n                  \u003Csource srcset=\u0022\/sites\/default\/files\/styles\/teaser_standard__l\/public\/aurora\/2025\/02\/425139.jpeg.webp?itok=arKAoWzv 1x\u0022 media=\u0022(min-width: 64.0625em)\u0022 type=\u0022image\/webp\u0022 width=\u0022203\u0022 height=\u0022114\u0022\/\u003E\n                  \u003Csource srcset=\u0022\/sites\/default\/files\/styles\/teaser_standard__m\/public\/aurora\/2025\/02\/425139.jpeg?itok=-7D26MHe 1x\u0022 media=\u0022(min-width: 48.0625em) and (max-width: 64em)\u0022 type=\u0022image\/jpeg\u0022 width=\u0022323\u0022 height=\u0022182\u0022\/\u003E\n                  \u003Csource srcset=\u0022\/sites\/default\/files\/styles\/teaser_standard__l\/public\/aurora\/2025\/02\/425139.jpeg?itok=MdAnPiYk 1x\u0022 media=\u0022(min-width: 64.0625em)\u0022 type=\u0022image\/jpeg\u0022 width=\u0022203\u0022 height=\u0022114\u0022\/\u003E\n                          \u003Cimg alt=\u0022Unweit der deutschen Grenze zwischen Posen und Berlin finanziert sich dieser Solarpark \u00fcber eine PPA-Verg\u00fctung.\u0022 loading=\u0022eager\u0022 data-caption-hide width=\u0022708\u0022 height=\u0022398\u0022 data-zoomed=\u0022https:\/\/www.photovoltaik.eu\/sites\/default\/files\/styles\/content__zoomed\/public\/aurora\/2025\/02\/425139.jpeg?itok=LbmTPDfO\u0022 src=\u0022\/sites\/default\/files\/styles\/teaser_standard__s\/public\/aurora\/2025\/02\/425139.jpeg?itok=FRgdND8H\u0022 title=\u0022\u00a9 Baywa r.e.\u0022 \/\u003E\n\n    \u003C\/picture\u003E\n      \u003Cfigcaption class=\u0022image--figcaption\u0022\u003E\n          \u003Cdiv class=\u0022copyright\u0022\u003EBaywa r.e.\u003C\/div\u003E\n          \u003C\/figcaption\u003E\n\u003C\/figure\u003E\n\n\n    \u003C\/div\u003E\n    \u003Cdiv class=\u0022teaser-content\u0022\u003E\n                    \u003Cdiv class=\u0022teaser-content--kicker\u0022\u003E\n                    \n        \u003C\/div\u003E\n                                              \n                        \n        \u003Ch4 class=\u0022teaser-content--headline\u0022\u003E\n                                Dena: Risikoabsicherung bei PPAs st\u00e4rkt \n                              \u003Cspan class=\u0022headline-last-word-arrow\u0022\u003E\u00d6kostromausbau                      \u003C\/span\u003E\n        \u003C\/h4\u003E\n            \u003Cdiv class=\u0022teaser-content--publishing-date\u0022\u003E\u003Ctime datetime=\u00222025-04-08T12:00:00Z\u0022\u003E08.04.2025\u003C\/time\u003E\n\u003C\/div\u003E\u003Cspan class=\u0022teaser-content--publishing-date-divider\u0022\u003E - \u003C\/span\u003E\u003Cdiv class=\u0022teaser-content--body\u0022\u003E\u003Cp\u003EDie Bonit\u00e4t des Stromabnehmers bestimmt stakt die finanziellen Konditionen eines Stromliefervertrags. Ein neuer Absicherungsmechanismus soll helfen, das Ausfallrisiko f\u00fcr Zahlungen von Stromabnehmern zu verringern. Bessere Finanzierungkonditionen k\u00f6nnten PPAs so auch f\u00fcr kleine und mittelst\u00e4ndische Unternehmen verf\u00fcgbar machen.\u003C\/p\u003E\n\u003C\/div\u003E\n                        \u003Cspan class=\u0022read-more-arrow-container\u0022\u003E\n            \u003Cspan class=\u0022read-more-angled-arrow\u0022\u003E \u003C\/span\u003E\n          \u003C\/span\u003E\n                  \u003C\/div\u003E\n    \u003C\/a\u003E\n\u003Ca href=\u0022\/landwirtschaft\/ews-buergerfinanzierung-von-agri-pv-projekt-innerhalb-von-zwei-wochen-abgeschlossen\u0022  class=\u0022teaser teaser--standard\u0022 aria-label=\u0022EWS: B\u00fcrgerfinanzierung von Agri-PV-Projekt innerhalb von zwei Wochen abgeschlossen\u0022\u003E\n      \u003Cdiv class=\u0022teaser-content--image\u0022\u003E\n        \u003Cfigure class=\u0022image--figure\u0022\u003E\n        \u003Cpicture\u003E\n                        \u003Csource srcset=\u0022\/sites\/default\/files\/styles\/teaser_standard__m\/public\/aurora\/2025\/01\/414833.jpeg.webp?itok=DxJ64X5C 1x\u0022 media=\u0022(min-width: 48.0625em) and (max-width: 64em)\u0022 type=\u0022image\/webp\u0022 width=\u0022323\u0022 height=\u0022182\u0022\/\u003E\n                  \u003Csource srcset=\u0022\/sites\/default\/files\/styles\/teaser_standard__l\/public\/aurora\/2025\/01\/414833.jpeg.webp?itok=KhcHFVED 1x\u0022 media=\u0022(min-width: 64.0625em)\u0022 type=\u0022image\/webp\u0022 width=\u0022203\u0022 height=\u0022114\u0022\/\u003E\n                  \u003Csource srcset=\u0022\/sites\/default\/files\/styles\/teaser_standard__m\/public\/aurora\/2025\/01\/414833.jpeg?itok=_LySEhSs 1x\u0022 media=\u0022(min-width: 48.0625em) and (max-width: 64em)\u0022 type=\u0022image\/jpeg\u0022 width=\u0022323\u0022 height=\u0022182\u0022\/\u003E\n                  \u003Csource srcset=\u0022\/sites\/default\/files\/styles\/teaser_standard__l\/public\/aurora\/2025\/01\/414833.jpeg?itok=56pNwspC 1x\u0022 media=\u0022(min-width: 64.0625em)\u0022 type=\u0022image\/jpeg\u0022 width=\u0022203\u0022 height=\u0022114\u0022\/\u003E\n                          \u003Cimg alt=\u0022Nur zwei Prozent der Fl\u00e4che werden von der Photovoltaikanlage beansprucht.\u0022 loading=\u0022eager\u0022 data-caption-hide width=\u0022708\u0022 height=\u0022398\u0022 data-zoomed=\u0022https:\/\/www.photovoltaik.eu\/sites\/default\/files\/styles\/content__zoomed\/public\/aurora\/2025\/01\/414833.jpeg?itok=hbPAgfwZ\u0022 src=\u0022\/sites\/default\/files\/styles\/teaser_standard__s\/public\/aurora\/2025\/01\/414833.jpeg?itok=DY_gnUwn\u0022 title=\u0022\u00a9 EWS Consulting\u0022 \/\u003E\n\n    \u003C\/picture\u003E\n      \u003Cfigcaption class=\u0022image--figcaption\u0022\u003E\n          \u003Cdiv class=\u0022copyright\u0022\u003EEWS Consulting\u003C\/div\u003E\n          \u003C\/figcaption\u003E\n\u003C\/figure\u003E\n\n\n    \u003C\/div\u003E\n    \u003Cdiv class=\u0022teaser-content\u0022\u003E\n                    \u003Cdiv class=\u0022teaser-content--kicker\u0022\u003E\n                    \n        \u003C\/div\u003E\n                                              \n                        \n        \u003Ch4 class=\u0022teaser-content--headline\u0022\u003E\n                                EWS: B\u00fcrgerfinanzierung von Agri-PV-Projekt innerhalb von zwei Wochen \n                              \u003Cspan class=\u0022headline-last-word-arrow\u0022\u003Eabgeschlossen                      \u003C\/span\u003E\n        \u003C\/h4\u003E\n            \u003Cdiv class=\u0022teaser-content--publishing-date\u0022\u003E\u003Ctime datetime=\u00222025-04-04T15:00:00Z\u0022\u003E04.04.2025\u003C\/time\u003E\n\u003C\/div\u003E\u003Cspan class=\u0022teaser-content--publishing-date-divider\u0022\u003E - \u003C\/span\u003E\u003Cdiv class=\u0022teaser-content--body\u0022\u003E\u003Cp\u003EDas Interesse an einer finanziellen Beteiligung an dem landwirtschaftlichen Solarprojekt in \u00d6sterreich war gro\u00df. Vor allem die lokale Bev\u00f6lkerung hat investiert \u2013 und das in Rekordzeit.\u003C\/p\u003E\n\u003C\/div\u003E\n                        \u003Cspan class=\u0022read-more-arrow-container\u0022\u003E\n            \u003Cspan class=\u0022read-more-angled-arrow\u0022\u003E \u003C\/span\u003E\n          \u003C\/span\u003E\n                  \u003C\/div\u003E\n    \u003C\/a\u003E\n\u003Ca href=\u0022\/foerderung\/agora-energiewende-zeigt-wege-zur-finanzierung-der-energiewende\u0022  class=\u0022teaser teaser--standard\u0022 aria-label=\u0022Agora Energiewende zeigt Wege zur Finanzierung der Energiewende\u0022\u003E\n      \u003Cdiv class=\u0022teaser-content--image\u0022\u003E\n        \u003Cfigure class=\u0022image--figure\u0022\u003E\n        \u003Cpicture\u003E\n                        \u003Csource srcset=\u0022\/sites\/default\/files\/styles\/teaser_standard__m\/public\/aurora\/2024\/12\/414435.jpeg.webp?itok=DKuOMPrP 1x\u0022 media=\u0022(min-width: 48.0625em) and (max-width: 64em)\u0022 type=\u0022image\/webp\u0022 width=\u0022323\u0022 height=\u0022182\u0022\/\u003E\n                  \u003Csource srcset=\u0022\/sites\/default\/files\/styles\/teaser_standard__l\/public\/aurora\/2024\/12\/414435.jpeg.webp?itok=Csd9hu6X 1x\u0022 media=\u0022(min-width: 64.0625em)\u0022 type=\u0022image\/webp\u0022 width=\u0022203\u0022 height=\u0022114\u0022\/\u003E\n                  \u003Csource srcset=\u0022\/sites\/default\/files\/styles\/teaser_standard__m\/public\/aurora\/2024\/12\/414435.jpeg?itok=LqC--grW 1x\u0022 media=\u0022(min-width: 48.0625em) and (max-width: 64em)\u0022 type=\u0022image\/jpeg\u0022 width=\u0022323\u0022 height=\u0022182\u0022\/\u003E\n                  \u003Csource srcset=\u0022\/sites\/default\/files\/styles\/teaser_standard__l\/public\/aurora\/2024\/12\/414435.jpeg?itok=9PNrCEkv 1x\u0022 media=\u0022(min-width: 64.0625em)\u0022 type=\u0022image\/jpeg\u0022 width=\u0022203\u0022 height=\u0022114\u0022\/\u003E\n                          \u003Cimg alt=\u0022Der Bau von Erzeugungsanlagen ist nur ein Teil der notwendigen Investition in die Energiewende.\u0022 loading=\u0022eager\u0022 data-caption-hide width=\u0022708\u0022 height=\u0022398\u0022 data-zoomed=\u0022https:\/\/www.photovoltaik.eu\/sites\/default\/files\/styles\/content__zoomed\/public\/aurora\/2024\/12\/414435.jpeg?itok=9Yc0kfjY\u0022 src=\u0022\/sites\/default\/files\/styles\/teaser_standard__s\/public\/aurora\/2024\/12\/414435.jpeg?itok=l-nHxnvy\u0022 title=\u0022\u00a9 Green Planet Energy\u0022 \/\u003E\n\n    \u003C\/picture\u003E\n      \u003Cfigcaption class=\u0022image--figcaption\u0022\u003E\n          \u003Cdiv class=\u0022copyright\u0022\u003EGreen Planet Energy\u003C\/div\u003E\n          \u003C\/figcaption\u003E\n\u003C\/figure\u003E\n\n\n    \u003C\/div\u003E\n    \u003Cdiv class=\u0022teaser-content\u0022\u003E\n                    \u003Cdiv class=\u0022teaser-content--kicker\u0022\u003E\n                    \n        \u003C\/div\u003E\n                                              \n                        \n        \u003Ch4 class=\u0022teaser-content--headline\u0022\u003E\n                                Agora Energiewende zeigt Wege zur Finanzierung der \n                              \u003Cspan class=\u0022headline-last-word-arrow\u0022\u003EEnergiewende                      \u003C\/span\u003E\n        \u003C\/h4\u003E\n            \u003Cdiv class=\u0022teaser-content--publishing-date\u0022\u003E\u003Ctime datetime=\u00222025-04-02T16:00:00Z\u0022\u003E02.04.2025\u003C\/time\u003E\n\u003C\/div\u003E\u003Cspan class=\u0022teaser-content--publishing-date-divider\u0022\u003E - \u003C\/span\u003E\u003Cdiv class=\u0022teaser-content--body\u0022\u003E\u003Cp\u003EF\u00fcr die Energiewende ist noch viel Geld notwendig. Dieses kommt vor allem durch private Investitionen. Die Politik muss f\u00fcr geeignete Rahmenbedingungen sorgen.\u003C\/p\u003E\n\u003C\/div\u003E\n                        \u003Cspan class=\u0022read-more-arrow-container\u0022\u003E\n            \u003Cspan class=\u0022read-more-angled-arrow\u0022\u003E \u003C\/span\u003E\n          \u003C\/span\u003E\n                  \u003C\/div\u003E\n    \u003C\/a\u003E\n\u003Ca href=\u0022\/wechselrichter\/sma-umsatz-sinkt-2024-um-knapp-ein-fuenftel\u0022  class=\u0022teaser teaser--standard\u0022 aria-label=\u0022SMA: Umsatz sinkt in 2024 um knapp ein F\u00fcnftel\u0022\u003E\n      \u003Cdiv class=\u0022teaser-content--image\u0022\u003E\n        \u003Cfigure class=\u0022image--figure\u0022\u003E\n        \u003Cpicture\u003E\n                        \u003Csource srcset=\u0022\/sites\/default\/files\/styles\/teaser_standard__m\/public\/aurora\/2025\/03\/429665.jpeg.webp?itok=CjS09g74 1x\u0022 media=\u0022(min-width: 48.0625em) and (max-width: 64em)\u0022 type=\u0022image\/webp\u0022 width=\u0022323\u0022 height=\u0022226\u0022\/\u003E\n                  \u003Csource srcset=\u0022\/sites\/default\/files\/styles\/teaser_standard__l\/public\/aurora\/2025\/03\/429665.jpeg.webp?itok=-Zs848M0 1x\u0022 media=\u0022(min-width: 64.0625em)\u0022 type=\u0022image\/webp\u0022 width=\u0022203\u0022 height=\u0022142\u0022\/\u003E\n                  \u003Csource srcset=\u0022\/sites\/default\/files\/styles\/teaser_standard__m\/public\/aurora\/2025\/03\/429665.jpeg?itok=KP9zBHNb 1x\u0022 media=\u0022(min-width: 48.0625em) and (max-width: 64em)\u0022 type=\u0022image\/jpeg\u0022 width=\u0022323\u0022 height=\u0022226\u0022\/\u003E\n                  \u003Csource srcset=\u0022\/sites\/default\/files\/styles\/teaser_standard__l\/public\/aurora\/2025\/03\/429665.jpeg?itok=QGeCxF_1 1x\u0022 media=\u0022(min-width: 64.0625em)\u0022 type=\u0022image\/jpeg\u0022 width=\u0022203\u0022 height=\u0022142\u0022\/\u003E\n                          \u003Cimg alt=\u0022Dunkle Wolken am Himmel. Aber die Services f\u00fcr technische Betriebsf\u00fchrung und Wartung (O\u0026amp;M) ist ein wachsendes Gesch\u00e4ftsfeld f\u00fcr SMA.\u0022 loading=\u0022eager\u0022 data-caption-hide width=\u0022569\u0022 height=\u0022398\u0022 data-zoomed=\u0022https:\/\/www.photovoltaik.eu\/sites\/default\/files\/styles\/content__zoomed\/public\/aurora\/2025\/03\/429665.jpeg?itok=MzeZ6zXj\u0022 src=\u0022\/sites\/default\/files\/styles\/teaser_standard__s\/public\/aurora\/2025\/03\/429665.jpeg?itok=cEU7O0kc\u0022 title=\u0022\u00a9 SMA\u0022 \/\u003E\n\n    \u003C\/picture\u003E\n      \u003Cfigcaption class=\u0022image--figcaption\u0022\u003E\n          \u003Cdiv class=\u0022copyright\u0022\u003ESMA\u003C\/div\u003E\n          \u003C\/figcaption\u003E\n\u003C\/figure\u003E\n\n\n    \u003C\/div\u003E\n    \u003Cdiv class=\u0022teaser-content\u0022\u003E\n                    \u003Cdiv class=\u0022teaser-content--kicker\u0022\u003E\n                    \n        \u003C\/div\u003E\n                                              \n                        \n        \u003Ch4 class=\u0022teaser-content--headline\u0022\u003E\n                                SMA: Umsatz sinkt in 2024 um knapp ein \n                              \u003Cspan class=\u0022headline-last-word-arrow\u0022\u003EF\u00fcnftel                      \u003C\/span\u003E\n        \u003C\/h4\u003E\n            \u003Cdiv class=\u0022teaser-content--publishing-date\u0022\u003E\u003Ctime datetime=\u00222025-03-05T10:00:07Z\u0022\u003E05.03.2025\u003C\/time\u003E\n\u003C\/div\u003E\u003Cspan class=\u0022teaser-content--publishing-date-divider\u0022\u003E - \u003C\/span\u003E\u003Cdiv class=\u0022teaser-content--body\u0022\u003E\u003Cp\u003EDer Wechselrichterhersteller SMA hat die vorl\u00e4ufigen Zahlen f\u00fcr das Gesch\u00e4ftsjahr 2024 vorgelegt. Demnach ging der Konzernumsatz im Vergleich zum Vorjahr um 19,7 Prozent auf 1.530 Millionen Euro zur\u00fcck. Das operative Ergebnis Ebitda lag bei minus 16 Millionen Euro und damit deutlich unter dem Vorjahreswert von 311 Millionen Euro.\u003C\/p\u003E\n\u003C\/div\u003E\n                        \u003Cspan class=\u0022read-more-arrow-container\u0022\u003E\n            \u003Cspan class=\u0022read-more-angled-arrow\u0022\u003E \u003C\/span\u003E\n          \u003C\/span\u003E\n                  \u003C\/div\u003E\n    \u003C\/a\u003E\n\u003Ca href=\u0022\/fachhandel\/baywa-gibt-mehrheit-tochterfirma-fuer-solarhandel-ab\u0022  class=\u0022teaser teaser--standard\u0022 aria-label=\u0022Baywa gibt Mehrheit an Tochterfirma f\u00fcr Solarhandel ab\u0022\u003E\n      \u003Cdiv class=\u0022teaser-content--image\u0022\u003E\n        \u003Cfigure class=\u0022image--figure\u0022\u003E\n        \u003Cpicture\u003E\n                        \u003Csource srcset=\u0022\/sites\/default\/files\/styles\/teaser_standard__m\/public\/aurora\/2025\/02\/427141.jpeg.webp?itok=Q4GkOLPH 1x\u0022 media=\u0022(min-width: 48.0625em) and (max-width: 64em)\u0022 type=\u0022image\/webp\u0022 width=\u0022323\u0022 height=\u0022182\u0022\/\u003E\n                  \u003Csource srcset=\u0022\/sites\/default\/files\/styles\/teaser_standard__l\/public\/aurora\/2025\/02\/427141.jpeg.webp?itok=535M-5ro 1x\u0022 media=\u0022(min-width: 64.0625em)\u0022 type=\u0022image\/webp\u0022 width=\u0022203\u0022 height=\u0022114\u0022\/\u003E\n                  \u003Csource srcset=\u0022\/sites\/default\/files\/styles\/teaser_standard__m\/public\/aurora\/2025\/02\/427141.jpeg?itok=Q9jxF-J8 1x\u0022 media=\u0022(min-width: 48.0625em) and (max-width: 64em)\u0022 type=\u0022image\/jpeg\u0022 width=\u0022323\u0022 height=\u0022182\u0022\/\u003E\n                  \u003Csource srcset=\u0022\/sites\/default\/files\/styles\/teaser_standard__l\/public\/aurora\/2025\/02\/427141.jpeg?itok=MXrkxJta 1x\u0022 media=\u0022(min-width: 64.0625em)\u0022 type=\u0022image\/jpeg\u0022 width=\u0022203\u0022 height=\u0022114\u0022\/\u003E\n                          \u003Cimg alt=\u0022Die Mehrheit von Baywa r.e. wird in Zukunft bei EIB liegen.\u0022 loading=\u0022eager\u0022 data-caption-hide width=\u0022708\u0022 height=\u0022398\u0022 data-zoomed=\u0022https:\/\/www.photovoltaik.eu\/sites\/default\/files\/styles\/content__zoomed\/public\/aurora\/2025\/02\/427141.jpeg?itok=LWNOQeVM\u0022 src=\u0022\/sites\/default\/files\/styles\/teaser_standard__s\/public\/aurora\/2025\/02\/427141.jpeg?itok=1WoKqPQs\u0022 title=\u0022\u00a9 Baywa r.e.\u0022 \/\u003E\n\n    \u003C\/picture\u003E\n      \u003Cfigcaption class=\u0022image--figcaption\u0022\u003E\n          \u003Cdiv class=\u0022copyright\u0022\u003EBaywa r.e.\u003C\/div\u003E\n          \u003C\/figcaption\u003E\n\u003C\/figure\u003E\n\n\n    \u003C\/div\u003E\n    \u003Cdiv class=\u0022teaser-content\u0022\u003E\n                    \u003Cdiv class=\u0022teaser-content--kicker\u0022\u003E\n                    \n        \u003C\/div\u003E\n                                              \n                        \n        \u003Ch4 class=\u0022teaser-content--headline\u0022\u003E\n                                Baywa gibt Mehrheit an Tochterfirma f\u00fcr Solarhandel \n                              \u003Cspan class=\u0022headline-last-word-arrow\u0022\u003Eab                      \u003C\/span\u003E\n        \u003C\/h4\u003E\n            \u003Cdiv class=\u0022teaser-content--publishing-date\u0022\u003E\u003Ctime datetime=\u00222025-02-25T09:00:05Z\u0022\u003E25.02.2025\u003C\/time\u003E\n\u003C\/div\u003E\u003Cspan class=\u0022teaser-content--publishing-date-divider\u0022\u003E - \u003C\/span\u003E\u003Cdiv class=\u0022teaser-content--body\u0022\u003E\u003Cp\u003EBaywa r.e. soll mehrheitlich an den Investor Energy Infrastructure Partners gehen. \u00dcber eine Kapitalerh\u00f6hung sinkt der Anteil von Baywa am Solarh\u00e4ndler und Projektierer auf 35 Prozent.\u003C\/p\u003E\n\u003C\/div\u003E\n                        \u003Cspan class=\u0022read-more-arrow-container\u0022\u003E\n            \u003Cspan class=\u0022read-more-angled-arrow\u0022\u003E \u003C\/span\u003E\n          \u003C\/span\u003E\n                  \u003C\/div\u003E\n    \u003C\/a\u003E\n\u003Ca href=\u0022\/foerderung\/agora-energiewende-wie-eine-eeg-reform-das-stromsystem-effizienter-macht\u0022  class=\u0022teaser teaser--standard\u0022 aria-label=\u0022Agora Energiewende: Wie eine EEG-Reform das Stromsystem effizienter macht\u0022\u003E\n      \u003Cdiv class=\u0022teaser-content--image\u0022\u003E\n        \u003Cfigure class=\u0022image--figure\u0022\u003E\n        \u003Cpicture\u003E\n                        \u003Csource srcset=\u0022\/sites\/default\/files\/styles\/teaser_standard__m\/public\/aurora\/2025\/02\/426264.png.webp?itok=Zd7N3KQG 1x\u0022 media=\u0022(min-width: 48.0625em) and (max-width: 64em)\u0022 type=\u0022image\/webp\u0022 width=\u0022323\u0022 height=\u0022173\u0022\/\u003E\n                  \u003Csource srcset=\u0022\/sites\/default\/files\/styles\/teaser_standard__l\/public\/aurora\/2025\/02\/426264.png.webp?itok=dHL8iLUX 1x\u0022 media=\u0022(min-width: 64.0625em)\u0022 type=\u0022image\/webp\u0022 width=\u0022203\u0022 height=\u0022109\u0022\/\u003E\n                  \u003Csource srcset=\u0022\/sites\/default\/files\/styles\/teaser_standard__m\/public\/aurora\/2025\/02\/426264.png?itok=cRli0aaT 1x\u0022 media=\u0022(min-width: 48.0625em) and (max-width: 64em)\u0022 type=\u0022image\/png\u0022 width=\u0022323\u0022 height=\u0022173\u0022\/\u003E\n                  \u003Csource srcset=\u0022\/sites\/default\/files\/styles\/teaser_standard__l\/public\/aurora\/2025\/02\/426264.png?itok=cPlJTBT8 1x\u0022 media=\u0022(min-width: 64.0625em)\u0022 type=\u0022image\/png\u0022 width=\u0022203\u0022 height=\u0022109\u0022\/\u003E\n                          \u003Cimg loading=\u0022eager\u0022 data-caption-hide width=\u0022708\u0022 height=\u0022379\u0022 data-zoomed=\u0022https:\/\/www.photovoltaik.eu\/sites\/default\/files\/styles\/content__zoomed\/public\/aurora\/2025\/02\/426264.png?itok=xsFfxh9j\u0022 src=\u0022\/sites\/default\/files\/styles\/teaser_standard__s\/public\/aurora\/2025\/02\/426264.png?itok=MrJBT22p\u0022 title=\u0022Das Diagramm zeigt die Phasen eines klimaneutralen Energiesystems mit Nachfrage-, Netz- und Angebotsaspekten in einer Zeitleiste. - \u00a9 Agora Energiewende\u0022 \/\u003E\n\n    \u003C\/picture\u003E\n      \u003Cfigcaption class=\u0022image--figcaption\u0022\u003E\n          \u003Cdiv class=\u0022copyright\u0022\u003EAgora Energiewende\u003C\/div\u003E\n          \u003C\/figcaption\u003E\n\u003C\/figure\u003E\n\n\n    \u003C\/div\u003E\n    \u003Cdiv class=\u0022teaser-content\u0022\u003E\n                    \u003Cdiv class=\u0022teaser-content--kicker\u0022\u003E\n                    \n        \u003C\/div\u003E\n                                              \n                        \n        \u003Ch4 class=\u0022teaser-content--headline\u0022\u003E\n                                Agora Energiewende: Wie eine EEG-Reform das Stromsystem effizienter \n                              \u003Cspan class=\u0022headline-last-word-arrow\u0022\u003Emacht                      \u003C\/span\u003E\n        \u003C\/h4\u003E\n            \u003Cdiv class=\u0022teaser-content--publishing-date\u0022\u003E\u003Ctime datetime=\u00222025-02-21T14:00:06Z\u0022\u003E21.02.2025\u003C\/time\u003E\n\u003C\/div\u003E\u003Cspan class=\u0022teaser-content--publishing-date-divider\u0022\u003E - \u003C\/span\u003E\u003Cdiv class=\u0022teaser-content--body\u0022\u003E\u003Cp\u003EDer \u00d6koenergieausbau erfordert erhebliche Investitionen. Gleichzeitig muss die n\u00e4chste Bundesregierung die EEG-F\u00f6rderung aufgrund von EU-Vorgaben anpassen. Agora Energiewende schl\u00e4gt daher einen neuen Rechtsrahmen f\u00fcr Investitionen in Wind- und Solaranlagen vor \u2013 der \u00fcber Marktanreize die Stromkosten senkt.\u003C\/p\u003E\n\u003C\/div\u003E\n                        \u003Cspan class=\u0022read-more-arrow-container\u0022\u003E\n            \u003Cspan class=\u0022read-more-angled-arrow\u0022\u003E \u003C\/span\u003E\n          \u003C\/span\u003E\n                  \u003C\/div\u003E\n    \u003C\/a\u003E\n\u003Ca href=\u0022\/solarparks\/eltif-i-ausbau-der-erneuerbaren-erfordert-immense-investitionen\u0022  class=\u0022teaser teaser--standard\u0022 aria-label=\u0022Eltif (I): Ausbau der Erneuerbaren erfordert immense Investitionen\u0022\u003E\n      \u003Cdiv class=\u0022teaser-content--image\u0022\u003E\n        \u003Cfigure class=\u0022image--figure\u0022\u003E\n        \u003Cpicture\u003E\n                        \u003Csource srcset=\u0022\/sites\/default\/files\/styles\/teaser_standard__m\/public\/aurora\/2024\/12\/412638.jpeg.webp?itok=v8VSxjnY 1x\u0022 media=\u0022(min-width: 48.0625em) and (max-width: 64em)\u0022 type=\u0022image\/webp\u0022 width=\u0022323\u0022 height=\u0022182\u0022\/\u003E\n                  \u003Csource srcset=\u0022\/sites\/default\/files\/styles\/teaser_standard__l\/public\/aurora\/2024\/12\/412638.jpeg.webp?itok=giZkiMzS 1x\u0022 media=\u0022(min-width: 64.0625em)\u0022 type=\u0022image\/webp\u0022 width=\u0022203\u0022 height=\u0022114\u0022\/\u003E\n                  \u003Csource srcset=\u0022\/sites\/default\/files\/styles\/teaser_standard__m\/public\/aurora\/2024\/12\/412638.jpeg?itok=ip49axne 1x\u0022 media=\u0022(min-width: 48.0625em) and (max-width: 64em)\u0022 type=\u0022image\/jpeg\u0022 width=\u0022323\u0022 height=\u0022182\u0022\/\u003E\n                  \u003Csource srcset=\u0022\/sites\/default\/files\/styles\/teaser_standard__l\/public\/aurora\/2024\/12\/412638.jpeg?itok=00KXRRFX 1x\u0022 media=\u0022(min-width: 64.0625em)\u0022 type=\u0022image\/jpeg\u0022 width=\u0022203\u0022 height=\u0022114\u0022\/\u003E\n                          \u003Cimg alt=\u0022Der Solarpark Reisbach wurde mit Einlagen von privaten Investoren finanziert. Geplant und gebaut wurde er von Schoenergie.\u0022 loading=\u0022eager\u0022 data-caption-hide width=\u0022708\u0022 height=\u0022398\u0022 data-zoomed=\u0022https:\/\/www.photovoltaik.eu\/sites\/default\/files\/styles\/content__zoomed\/public\/aurora\/2024\/12\/412638.jpeg?itok=6u8BHEQN\u0022 src=\u0022\/sites\/default\/files\/styles\/teaser_standard__s\/public\/aurora\/2024\/12\/412638.jpeg?itok=1H-o5CmQ\u0022 title=\u0022\u00a9 Schoenergie\/Hansainvest\u0022 \/\u003E\n\n    \u003C\/picture\u003E\n      \u003Cfigcaption class=\u0022image--figcaption\u0022\u003E\n          \u003Cdiv class=\u0022copyright\u0022\u003ESchoenergie\/Hansainvest\u003C\/div\u003E\n          \u003C\/figcaption\u003E\n\u003C\/figure\u003E\n\n\n    \u003C\/div\u003E\n    \u003Cdiv class=\u0022teaser-content\u0022\u003E\n                    \u003Cdiv class=\u0022teaser-content--kicker\u0022\u003E\n                    \n        \u003C\/div\u003E\n                                              \n                        \n        \u003Ch4 class=\u0022teaser-content--headline\u0022\u003E\n                                Eltif (I): Ausbau der Erneuerbaren erfordert immense \n                              \u003Cspan class=\u0022headline-last-word-arrow\u0022\u003EInvestitionen                      \u003C\/span\u003E\n        \u003C\/h4\u003E\n            \u003Cdiv class=\u0022teaser-content--publishing-date\u0022\u003E\u003Ctime datetime=\u00222025-02-14T15:00:00Z\u0022\u003E14.02.2025\u003C\/time\u003E\n\u003C\/div\u003E\u003Cspan class=\u0022teaser-content--publishing-date-divider\u0022\u003E - \u003C\/span\u003E\u003Cdiv class=\u0022teaser-content--body\u0022\u003E\u003Cp\u003EUm die ehrgeizigen Ziele zur Dekarbonisierung zu erreichen, braucht es jede Menge privates Kapital. Regulierungsinitiativen und insbesondere die Reform des European Long Term Investment Fund (Eltif) k\u00f6nnten dazu beitragen, dass institutionelle und private Anleger k\u00fcnftig deutlich mehr investieren. Ein Gastbeitrag von Robert Guzialowski\u003C\/p\u003E\n\u003C\/div\u003E\n                        \u003Cspan class=\u0022read-more-arrow-container\u0022\u003E\n            \u003Cspan class=\u0022read-more-angled-arrow\u0022\u003E \u003C\/span\u003E\n          \u003C\/span\u003E\n                  \u003C\/div\u003E\n    \u003C\/a\u003E\n\u003Ca href=\u0022\/foerderung\/diw-berlin-klimageld-erhoeht-akzeptanz-fuer-co2-bepreisung\u0022  class=\u0022teaser teaser--standard\u0022 aria-label=\u0022DIW Berlin: Klimageld erh\u00f6ht Akzeptanz f\u00fcr CO2-Bepreisung\u0022\u003E\n      \u003Cdiv class=\u0022teaser-content--image\u0022\u003E\n        \u003Cfigure class=\u0022image--figure\u0022\u003E\n        \u003Cpicture\u003E\n                        \u003Csource srcset=\u0022\/sites\/default\/files\/styles\/teaser_standard__m\/public\/aurora\/2025\/02\/424123.png.webp?itok=t_nVDFQC 1x\u0022 media=\u0022(min-width: 48.0625em) and (max-width: 64em)\u0022 type=\u0022image\/webp\u0022 width=\u0022323\u0022 height=\u0022162\u0022\/\u003E\n                  \u003Csource srcset=\u0022\/sites\/default\/files\/styles\/teaser_standard__l\/public\/aurora\/2025\/02\/424123.png.webp?itok=vTP-3I96 1x\u0022 media=\u0022(min-width: 64.0625em)\u0022 type=\u0022image\/webp\u0022 width=\u0022203\u0022 height=\u0022102\u0022\/\u003E\n                  \u003Csource srcset=\u0022\/sites\/default\/files\/styles\/teaser_standard__m\/public\/aurora\/2025\/02\/424123.png?itok=BtInxjdj 1x\u0022 media=\u0022(min-width: 48.0625em) and (max-width: 64em)\u0022 type=\u0022image\/png\u0022 width=\u0022323\u0022 height=\u0022162\u0022\/\u003E\n                  \u003Csource srcset=\u0022\/sites\/default\/files\/styles\/teaser_standard__l\/public\/aurora\/2025\/02\/424123.png?itok=JNomKY-d 1x\u0022 media=\u0022(min-width: 64.0625em)\u0022 type=\u0022image\/png\u0022 width=\u0022203\u0022 height=\u0022102\u0022\/\u003E\n                          \u003Cimg loading=\u0022eager\u0022 data-caption-hide width=\u0022708\u0022 height=\u0022354\u0022 data-zoomed=\u0022https:\/\/www.photovoltaik.eu\/sites\/default\/files\/styles\/content__zoomed\/public\/aurora\/2025\/02\/424123.png?itok=AfeqPwRj\u0022 src=\u0022\/sites\/default\/files\/styles\/teaser_standard__s\/public\/aurora\/2025\/02\/424123.png?itok=FHbMDpxi\u0022 title=\u0022Infografik mit Umfrageergebnissen zur CO2-Bepreisung und -R\u00fcckerstattung, rechts mit den Gr\u00fcnden f\u00fcr die Einw\u00e4nde. - \u00a9 DIW Berlin\u0022 \/\u003E\n\n    \u003C\/picture\u003E\n      \u003Cfigcaption class=\u0022image--figcaption\u0022\u003E\n          \u003Cdiv class=\u0022copyright\u0022\u003EDIW Berlin\u003C\/div\u003E\n          \u003C\/figcaption\u003E\n\u003C\/figure\u003E\n\n\n    \u003C\/div\u003E\n    \u003Cdiv class=\u0022teaser-content\u0022\u003E\n                    \u003Cdiv class=\u0022teaser-content--kicker\u0022\u003E\n                    \n        \u003C\/div\u003E\n                                              \n                        \n        \u003Ch4 class=\u0022teaser-content--headline\u0022\u003E\n                                DIW Berlin: Klimageld erh\u00f6ht Akzeptanz f\u00fcr \n                              \u003Cspan class=\u0022headline-last-word-arrow\u0022\u003ECO2-Bepreisung                      \u003C\/span\u003E\n        \u003C\/h4\u003E\n            \u003Cdiv class=\u0022teaser-content--publishing-date\u0022\u003E\u003Ctime datetime=\u00222025-02-13T14:00:04Z\u0022\u003E13.02.2025\u003C\/time\u003E\n\u003C\/div\u003E\u003Cspan class=\u0022teaser-content--publishing-date-divider\u0022\u003E - \u003C\/span\u003E\u003Cdiv class=\u0022teaser-content--body\u0022\u003E\u003Cp\u003EJeder Zweite in Deutschland bef\u00fcrwortet ein Klimageld: Vier von zehn akzeptieren auch eine hohe CO2-Bepreisung von 200 Euro pro Tonne, wenn die Einnahmen gr\u00f6\u00dftenteils zur\u00fcckgezahlt werden. Der Preis f\u00fcr nationale Emissionszertifikate liegt seit Januar 2025 bei 55 Euro je Tonne.\u003C\/p\u003E\n\u003C\/div\u003E\n                        \u003Cspan class=\u0022read-more-arrow-container\u0022\u003E\n            \u003Cspan class=\u0022read-more-angled-arrow\u0022\u003E \u003C\/span\u003E\n          \u003C\/span\u003E\n                  \u003C\/div\u003E\n    \u003C\/a\u003E\n\u003Ca href=\u0022https:\/\/events.gentner.de\/frontend\/de\/#\/catalog\/course\/1485173?key=s0785k68ydt02s04xposr4hjp8fswjq8jdq\u0022  class=\u0022teaser teaser--standard\u0022 aria-label=\u0022Webinar-Aufzeichnung I Wie bieten Solar-Fachbetriebe eine Anlagenfinanzierung ohne Risiko an? [13.02.2025]\u0022\u003E\n      \u003Cdiv class=\u0022teaser-content--image\u0022\u003E\n        \u003Cfigure class=\u0022image--figure\u0022\u003E\n        \u003Cpicture\u003E\n                        \u003Csource srcset=\u0022\/sites\/default\/files\/styles\/teaser_standard__m\/public\/2025-08\/pv-vorlage-6_1.png.webp?itok=HJPPWd0- 1x\u0022 media=\u0022(min-width: 48.0625em) and (max-width: 64em)\u0022 type=\u0022image\/webp\u0022 width=\u0022323\u0022 height=\u0022174\u0022\/\u003E\n                  \u003Csource srcset=\u0022\/sites\/default\/files\/styles\/teaser_standard__l\/public\/2025-08\/pv-vorlage-6_1.png.webp?itok=qMwhEQq5 1x\u0022 media=\u0022(min-width: 64.0625em)\u0022 type=\u0022image\/webp\u0022 width=\u0022203\u0022 height=\u0022109\u0022\/\u003E\n                  \u003Csource srcset=\u0022\/sites\/default\/files\/styles\/teaser_standard__m\/public\/2025-08\/pv-vorlage-6_1.png?itok=Ot348W8v 1x\u0022 media=\u0022(min-width: 48.0625em) and (max-width: 64em)\u0022 type=\u0022image\/png\u0022 width=\u0022323\u0022 height=\u0022174\u0022\/\u003E\n                  \u003Csource srcset=\u0022\/sites\/default\/files\/styles\/teaser_standard__l\/public\/2025-08\/pv-vorlage-6_1.png?itok=UxguICsl 1x\u0022 media=\u0022(min-width: 64.0625em)\u0022 type=\u0022image\/png\u0022 width=\u0022203\u0022 height=\u0022109\u0022\/\u003E\n                          \u003Cimg loading=\u0022eager\u0022 data-caption-hide width=\u0022708\u0022 height=\u0022381\u0022 data-zoomed=\u0022https:\/\/www.photovoltaik.eu\/sites\/default\/files\/styles\/content__zoomed\/public\/2025-08\/pv-vorlage-6_1.png?itok=qZN1fxkI\u0022 src=\u0022\/sites\/default\/files\/styles\/teaser_standard__s\/public\/2025-08\/pv-vorlage-6_1.png?itok=uKvClm4e\u0022 alt=\u0022\u0022 title=\u0022Reihen von Solarmodulen auf einem Dach mit Logos von Energieunternehmen und \u0026quot;Photovoltaik\u0026quot; auf orangem Hintergrund. - \u00a9 Golfstrom Energy\u0022 \/\u003E\n\n    \u003C\/picture\u003E\n      \u003Cfigcaption class=\u0022image--figcaption\u0022\u003E\n          \u003Cdiv class=\u0022copyright\u0022\u003EGolfstrom Energy\u003C\/div\u003E\n          \u003C\/figcaption\u003E\n\u003C\/figure\u003E\n\n\n    \u003C\/div\u003E\n    \u003Cdiv class=\u0022teaser-content\u0022\u003E\n                    \u003Cdiv class=\u0022teaser-content--kicker\u0022\u003E\n                    \n        \u003C\/div\u003E\n                                              \n                        \n        \u003Ch4 class=\u0022teaser-content--headline\u0022\u003E\n                                Webinar-Aufzeichnung I Wie bieten Solar-Fachbetriebe eine Anlagenfinanzierung ohne Risiko an? \n                              \u003Cspan class=\u0022headline-last-word-arrow\u0022\u003E[13.02.2025]                      \u003C\/span\u003E\n        \u003C\/h4\u003E\n            \u003Cdiv class=\u0022teaser-content--publishing-date\u0022\u003E\u003Ctime datetime=\u00222025-02-13T13:27:00Z\u0022\u003E13.02.2025\u003C\/time\u003E\n\u003C\/div\u003E\u003Cspan class=\u0022teaser-content--publishing-date-divider\u0022\u003E - \u003C\/span\u003E\u003Cdiv class=\u0022teaser-content--body\u0022\u003E\u003Cp\u003EEine Finanzierung einer Solaranlage \u00fcber Raten- und Mietkaufmodelle ist f\u00fcr viele Eigenheimbesitzer und Gewerbetreibende eine interessante L\u00f6sung. Immer h\u00e4ufiger erwarten sie von Fachbetrieben, dass sie mit dem Angebot eine Finanzierungsoption gleich mitliefern. Wie dies einfach gelingt, erkl\u00e4rten unsere Experten von Golfstrom Energy und Gorfion Energy im kostenfreien Webinar.\u003C\/p\u003E\n\u003C\/div\u003E\n                        \u003Cspan class=\u0022read-more-arrow-container\u0022\u003E\n            \u003Cspan class=\u0022read-more-angled-arrow\u0022\u003E \u003C\/span\u003E\n          \u003C\/span\u003E\n                  \u003C\/div\u003E\n    \u003C\/a\u003E\n\u003Ca href=\u0022\/landwirtschaft\/next2sun-gibt-unternehmensanleihe-aus\u0022  class=\u0022teaser teaser--standard\u0022 aria-label=\u0022Next2Sun gibt Unternehmensanleihe aus\u0022\u003E\n      \u003Cdiv class=\u0022teaser-content--image\u0022\u003E\n        \u003Cfigure class=\u0022image--figure\u0022\u003E\n        \u003Cpicture\u003E\n                        \u003Csource srcset=\u0022\/sites\/default\/files\/styles\/teaser_standard__m\/public\/aurora\/2025\/01\/417328.jpeg.webp?itok=TOTV-bY3 1x\u0022 media=\u0022(min-width: 48.0625em) and (max-width: 64em)\u0022 type=\u0022image\/webp\u0022 width=\u0022323\u0022 height=\u0022182\u0022\/\u003E\n                  \u003Csource srcset=\u0022\/sites\/default\/files\/styles\/teaser_standard__l\/public\/aurora\/2025\/01\/417328.jpeg.webp?itok=wmQsgJ-S 1x\u0022 media=\u0022(min-width: 64.0625em)\u0022 type=\u0022image\/webp\u0022 width=\u0022203\u0022 height=\u0022114\u0022\/\u003E\n                  \u003Csource srcset=\u0022\/sites\/default\/files\/styles\/teaser_standard__m\/public\/aurora\/2025\/01\/417328.jpeg?itok=Tsb-G86S 1x\u0022 media=\u0022(min-width: 48.0625em) and (max-width: 64em)\u0022 type=\u0022image\/jpeg\u0022 width=\u0022323\u0022 height=\u0022182\u0022\/\u003E\n                  \u003Csource srcset=\u0022\/sites\/default\/files\/styles\/teaser_standard__l\/public\/aurora\/2025\/01\/417328.jpeg?itok=HtzeZHvj 1x\u0022 media=\u0022(min-width: 64.0625em)\u0022 type=\u0022image\/jpeg\u0022 width=\u0022203\u0022 height=\u0022114\u0022\/\u003E\n                          \u003Cimg alt=\u0022Die ersten Anlagen von Next2Sun sind l\u00e4ngst erfolgreich am Netz.\u0022 loading=\u0022eager\u0022 data-caption-hide width=\u0022708\u0022 height=\u0022398\u0022 data-zoomed=\u0022https:\/\/www.photovoltaik.eu\/sites\/default\/files\/styles\/content__zoomed\/public\/aurora\/2025\/01\/417328.jpeg?itok=sy4aTnX3\u0022 src=\u0022\/sites\/default\/files\/styles\/teaser_standard__s\/public\/aurora\/2025\/01\/417328.jpeg?itok=-eEHzbW9\u0022 title=\u0022\u00a9 Next2Sun\u0022 \/\u003E\n\n    \u003C\/picture\u003E\n      \u003Cfigcaption class=\u0022image--figcaption\u0022\u003E\n          \u003Cdiv class=\u0022copyright\u0022\u003ENext2Sun\u003C\/div\u003E\n          \u003C\/figcaption\u003E\n\u003C\/figure\u003E\n\n\n    \u003C\/div\u003E\n    \u003Cdiv class=\u0022teaser-content\u0022\u003E\n                    \u003Cdiv class=\u0022teaser-content--kicker\u0022\u003E\n                    \n        \u003C\/div\u003E\n                                              \n                        \n        \u003Ch4 class=\u0022teaser-content--headline\u0022\u003E\n                                Next2Sun gibt Unternehmensanleihe \n                              \u003Cspan class=\u0022headline-last-word-arrow\u0022\u003Eaus                      \u003C\/span\u003E\n        \u003C\/h4\u003E\n            \u003Cdiv class=\u0022teaser-content--publishing-date\u0022\u003E\u003Ctime datetime=\u00222025-02-12T15:55:00Z\u0022\u003E12.02.2025\u003C\/time\u003E\n\u003C\/div\u003E\u003Cspan class=\u0022teaser-content--publishing-date-divider\u0022\u003E - \u003C\/span\u003E\u003Cdiv class=\u0022teaser-content--body\u0022\u003E\u003Cp\u003EMit frischem Geld will das Unternehmen die weitere Entwicklung und Umsetzung von vertikalen Agri-PV-Anlagen finanzieren. Eine entsprechende Projektpipeline ist bereits aufgebaut.\u003C\/p\u003E\n\u003C\/div\u003E\n                        \u003Cspan class=\u0022read-more-arrow-container\u0022\u003E\n            \u003Cspan class=\u0022read-more-angled-arrow\u0022\u003E \u003C\/span\u003E\n          \u003C\/span\u003E\n                  \u003C\/div\u003E\n    \u003C\/a\u003E\n\u003Ca href=\u0022\/solarparks\/eltif-ii-vehikel-der-wahl-zur-finanzierung\u0022  class=\u0022teaser teaser--standard\u0022 aria-label=\u0022Eltif (II): Vehikel der Wahl zur Finanzierung\u0022\u003E\n      \u003Cdiv class=\u0022teaser-content--image\u0022\u003E\n        \u003Cfigure class=\u0022image--figure\u0022\u003E\n        \u003Cpicture\u003E\n                        \u003Csource srcset=\u0022\/sites\/default\/files\/styles\/teaser_standard__m\/public\/aurora\/2024\/12\/412642.jpeg.webp?itok=tQfgsIca 1x\u0022 media=\u0022(min-width: 48.0625em) and (max-width: 64em)\u0022 type=\u0022image\/webp\u0022 width=\u0022323\u0022 height=\u0022182\u0022\/\u003E\n                  \u003Csource srcset=\u0022\/sites\/default\/files\/styles\/teaser_standard__l\/public\/aurora\/2024\/12\/412642.jpeg.webp?itok=70IjaYfz 1x\u0022 media=\u0022(min-width: 64.0625em)\u0022 type=\u0022image\/webp\u0022 width=\u0022203\u0022 height=\u0022114\u0022\/\u003E\n                  \u003Csource srcset=\u0022\/sites\/default\/files\/styles\/teaser_standard__m\/public\/aurora\/2024\/12\/412642.jpeg?itok=g6I_LOSQ 1x\u0022 media=\u0022(min-width: 48.0625em) and (max-width: 64em)\u0022 type=\u0022image\/jpeg\u0022 width=\u0022323\u0022 height=\u0022182\u0022\/\u003E\n                  \u003Csource srcset=\u0022\/sites\/default\/files\/styles\/teaser_standard__l\/public\/aurora\/2024\/12\/412642.jpeg?itok=GOStg7hZ 1x\u0022 media=\u0022(min-width: 64.0625em)\u0022 type=\u0022image\/jpeg\u0022 width=\u0022203\u0022 height=\u0022114\u0022\/\u003E\n                          \u003Cimg alt=\u0022Der Solarpark Wunsiedel leistet 37 Megawatt. Er wurde von Goldbeck Solar errichtet.\u0022 loading=\u0022eager\u0022 data-caption-hide width=\u0022708\u0022 height=\u0022398\u0022 data-zoomed=\u0022https:\/\/www.photovoltaik.eu\/sites\/default\/files\/styles\/content__zoomed\/public\/aurora\/2024\/12\/412642.jpeg?itok=4jVINza9\u0022 src=\u0022\/sites\/default\/files\/styles\/teaser_standard__s\/public\/aurora\/2024\/12\/412642.jpeg?itok=JTBDT3Gq\u0022 title=\u0022\u00a9 Goldbeck Solar\/Hansainvest\u0022 \/\u003E\n\n    \u003C\/picture\u003E\n      \u003Cfigcaption class=\u0022image--figcaption\u0022\u003E\n          \u003Cdiv class=\u0022copyright\u0022\u003EGoldbeck Solar\/Hansainvest\u003C\/div\u003E\n          \u003C\/figcaption\u003E\n\u003C\/figure\u003E\n\n\n    \u003C\/div\u003E\n    \u003Cdiv class=\u0022teaser-content\u0022\u003E\n                    \u003Cdiv class=\u0022teaser-content--kicker\u0022\u003E\n                    \n        \u003C\/div\u003E\n                                              \n                        \n        \u003Ch4 class=\u0022teaser-content--headline\u0022\u003E\n                                Eltif (II): Vehikel der Wahl zur \n                              \u003Cspan class=\u0022headline-last-word-arrow\u0022\u003EFinanzierung                      \u003C\/span\u003E\n        \u003C\/h4\u003E\n            \u003Cdiv class=\u0022teaser-content--publishing-date\u0022\u003E\u003Ctime datetime=\u00222025-01-15T15:00:00Z\u0022\u003E15.01.2025\u003C\/time\u003E\n\u003C\/div\u003E\u003Cspan class=\u0022teaser-content--publishing-date-divider\u0022\u003E - \u003C\/span\u003E\u003Cdiv class=\u0022teaser-content--body\u0022\u003E\u003Cp\u003EDie Novellierung des europ\u00e4ischen Eltif-Regimes d\u00fcrfte neuen Schwung in die Energiewende bringen. Die 2024 in Kraft getretene \u00c4nderungsverordnung ist nicht nur f\u00fcr institutionelle, sondern insbesondere f\u00fcr Privatanleger relevant. Denn sie \u00f6ffnet einen Zugang zu Privatm\u00e4rkten und Investments in erneuerbare Energien. Ein Gastbeitrag von Robert Guzialowski\u003C\/p\u003E\n\u003C\/div\u003E\n                        \u003Cspan class=\u0022read-more-arrow-container\u0022\u003E\n            \u003Cspan class=\u0022read-more-angled-arrow\u0022\u003E \u003C\/span\u003E\n          \u003C\/span\u003E\n                  \u003C\/div\u003E\n    \u003C\/a\u003E\n\u003Ca href=\u0022\/solarparks\/investoren-newsletter-eltif-bietet-neue-moeglichkeiten-fuer-anleger\u0022  class=\u0022teaser teaser--standard\u0022 aria-label=\u0022Investoren-Newsletter: Eltif bietet neue M\u00f6glichkeiten f\u00fcr Anleger\u0022\u003E\n      \u003Cdiv class=\u0022teaser-content--image\u0022\u003E\n        \u003Cfigure class=\u0022image--figure\u0022\u003E\n        \u003Cpicture\u003E\n                        \u003Csource srcset=\u0022\/sites\/default\/files\/styles\/teaser_standard__m\/public\/aurora\/2024\/12\/408984.jpeg.webp?itok=1n-3DdLP 1x\u0022 media=\u0022(min-width: 48.0625em) and (max-width: 64em)\u0022 type=\u0022image\/webp\u0022 width=\u0022323\u0022 height=\u0022201\u0022\/\u003E\n                  \u003Csource srcset=\u0022\/sites\/default\/files\/styles\/teaser_standard__l\/public\/aurora\/2024\/12\/408984.jpeg.webp?itok=Qbh3ede_ 1x\u0022 media=\u0022(min-width: 64.0625em)\u0022 type=\u0022image\/webp\u0022 width=\u0022203\u0022 height=\u0022126\u0022\/\u003E\n                  \u003Csource srcset=\u0022\/sites\/default\/files\/styles\/teaser_standard__m\/public\/aurora\/2024\/12\/408984.jpeg?itok=AMWsgcTX 1x\u0022 media=\u0022(min-width: 48.0625em) and (max-width: 64em)\u0022 type=\u0022image\/jpeg\u0022 width=\u0022323\u0022 height=\u0022201\u0022\/\u003E\n                  \u003Csource srcset=\u0022\/sites\/default\/files\/styles\/teaser_standard__l\/public\/aurora\/2024\/12\/408984.jpeg?itok=Tt-paxs2 1x\u0022 media=\u0022(min-width: 64.0625em)\u0022 type=\u0022image\/jpeg\u0022 width=\u0022203\u0022 height=\u0022126\u0022\/\u003E\n                          \u003Cimg alt=\u0022Der Solarpark Osterburken wurde von Juwi und MVV finanziert und errichtet.\u0022 loading=\u0022eager\u0022 data-caption-hide width=\u0022639\u0022 height=\u0022398\u0022 data-zoomed=\u0022https:\/\/www.photovoltaik.eu\/sites\/default\/files\/styles\/content__zoomed\/public\/aurora\/2024\/12\/408984.jpeg?itok=kcXWb9JX\u0022 src=\u0022\/sites\/default\/files\/styles\/teaser_standard__s\/public\/aurora\/2024\/12\/408984.jpeg?itok=lTzKzSBG\u0022 title=\u0022\u00a9 Juwi\/MVV\u0022 \/\u003E\n\n    \u003C\/picture\u003E\n      \u003Cfigcaption class=\u0022image--figcaption\u0022\u003E\n          \u003Cdiv class=\u0022copyright\u0022\u003EJuwi\/MVV\u003C\/div\u003E\n          \u003C\/figcaption\u003E\n\u003C\/figure\u003E\n\n\n    \u003C\/div\u003E\n    \u003Cdiv class=\u0022teaser-content\u0022\u003E\n                    \u003Cdiv class=\u0022teaser-content--kicker\u0022\u003E\n                    \n        \u003C\/div\u003E\n                                              \n                        \n        \u003Ch4 class=\u0022teaser-content--headline\u0022\u003E\n                                Investoren-Newsletter: Eltif bietet neue M\u00f6glichkeiten f\u00fcr \n                              \u003Cspan class=\u0022headline-last-word-arrow\u0022\u003EAnleger                      \u003C\/span\u003E\n        \u003C\/h4\u003E\n            \u003Cdiv class=\u0022teaser-content--publishing-date\u0022\u003E\u003Ctime datetime=\u00222024-12-17T07:00:00Z\u0022\u003E17.12.2024\u003C\/time\u003E\n\u003C\/div\u003E\u003Cspan class=\u0022teaser-content--publishing-date-divider\u0022\u003E - \u003C\/span\u003E\u003Cdiv class=\u0022teaser-content--body\u0022\u003E\u003Cp\u003EUnser n\u00e4chster Newsletter f\u00fcr Anleger erscheint am 18. Dezember 2024. um mehr privates Kapital f\u00fcr erneuerbare Energien zu gewinnen, hat die Europ\u00e4ische Union den European Long-Term Investment Fund (Eltif) mit neuen Regularien ausgestattet. Melden Sie sich f\u00fcr den Newsletter an, um aktuelle Fachinformationen auf Ihren Tisch zu bekommen.\u003C\/p\u003E\n\u003C\/div\u003E\n                        \u003Cspan class=\u0022read-more-arrow-container\u0022\u003E\n            \u003Cspan class=\u0022read-more-angled-arrow\u0022\u003E \u003C\/span\u003E\n          \u003C\/span\u003E\n                  \u003C\/div\u003E\n    \u003C\/a\u003E\n\u003Ca href=\u0022\/foerderung\/buergerenergiegemeinschaften-wollen-ihren-strom-einfacher-selbst-nutzen\u0022  class=\u0022teaser teaser--standard\u0022 aria-label=\u0022B\u00fcrgerenergiegemeinschaften wollen ihren Strom einfacher selbst nutzen\u0022\u003E\n      \u003Cdiv class=\u0022teaser-content--image\u0022\u003E\n        \u003Cfigure class=\u0022image--figure\u0022\u003E\n        \u003Cpicture\u003E\n                        \u003Csource srcset=\u0022\/sites\/default\/files\/styles\/teaser_standard__m\/public\/aurora\/2024\/08\/376358.jpeg.webp?itok=_Egq9xUP 1x\u0022 media=\u0022(min-width: 48.0625em) and (max-width: 64em)\u0022 type=\u0022image\/webp\u0022 width=\u0022323\u0022 height=\u0022182\u0022\/\u003E\n                  \u003Csource srcset=\u0022\/sites\/default\/files\/styles\/teaser_standard__l\/public\/aurora\/2024\/08\/376358.jpeg.webp?itok=8PQelr98 1x\u0022 media=\u0022(min-width: 64.0625em)\u0022 type=\u0022image\/webp\u0022 width=\u0022203\u0022 height=\u0022114\u0022\/\u003E\n                  \u003Csource srcset=\u0022\/sites\/default\/files\/styles\/teaser_standard__m\/public\/aurora\/2024\/08\/376358.jpeg?itok=hONEnSuZ 1x\u0022 media=\u0022(min-width: 48.0625em) and (max-width: 64em)\u0022 type=\u0022image\/jpeg\u0022 width=\u0022323\u0022 height=\u0022182\u0022\/\u003E\n                  \u003Csource srcset=\u0022\/sites\/default\/files\/styles\/teaser_standard__l\/public\/aurora\/2024\/08\/376358.jpeg?itok=ghFmyKc6 1x\u0022 media=\u0022(min-width: 64.0625em)\u0022 type=\u0022image\/jpeg\u0022 width=\u0022203\u0022 height=\u0022114\u0022\/\u003E\n                          \u003Cimg loading=\u0022eager\u0022 data-caption-hide width=\u0022708\u0022 height=\u0022398\u0022 alt=\u0022In seinem Positionspapier beschriebt das BBEn detailliert, wie die gemeinsame Nutzung des vor Ort produzierten Stroms gelingen kann.\u0022 data-zoomed=\u0022https:\/\/www.photovoltaik.eu\/sites\/default\/files\/styles\/content__zoomed\/public\/aurora\/2024\/08\/376358.jpeg?itok=V86kystv\u0022 src=\u0022\/sites\/default\/files\/styles\/teaser_standard__s\/public\/aurora\/2024\/08\/376358.jpeg?itok=PVjBaeqY\u0022 title=\u0022\u00a9 BBEn\u0022 \/\u003E\n\n    \u003C\/picture\u003E\n      \u003Cfigcaption class=\u0022image--figcaption\u0022\u003E\n          \u003Cdiv class=\u0022copyright\u0022\u003EBBEn\u003C\/div\u003E\n          \u003C\/figcaption\u003E\n\u003C\/figure\u003E\n\n\n    \u003C\/div\u003E\n    \u003Cdiv class=\u0022teaser-content\u0022\u003E\n                    \u003Cdiv class=\u0022teaser-content--kicker\u0022\u003E\n                    \n        \u003C\/div\u003E\n                                              \n                        \n        \u003Ch4 class=\u0022teaser-content--headline\u0022\u003E\n                                B\u00fcrgerenergiegemeinschaften wollen ihren Strom einfacher selbst \n                              \u003Cspan class=\u0022headline-last-word-arrow\u0022\u003Enutzen                      \u003C\/span\u003E\n        \u003C\/h4\u003E\n            \u003Cdiv class=\u0022teaser-content--publishing-date\u0022\u003E\u003Ctime datetime=\u00222024-12-04T13:00:00Z\u0022\u003E04.12.2024\u003C\/time\u003E\n\u003C\/div\u003E\u003Cspan class=\u0022teaser-content--publishing-date-divider\u0022\u003E - \u003C\/span\u003E\u003Cdiv class=\u0022teaser-content--body\u0022\u003E\u003Cp\u003EDas B\u00fcndnis B\u00fcrgerenergie hat ein Positionspapier zum sogenannten Energy Sharing ver\u00f6ffentlicht. Die Vorschl\u00e4ge sollen es vereinfachen, den produzierten Solarstrom in der Gemeinschaft direkt zu verbrauchen.\u003C\/p\u003E\n\u003C\/div\u003E\n                        \u003Cspan class=\u0022read-more-arrow-container\u0022\u003E\n            \u003Cspan class=\u0022read-more-angled-arrow\u0022\u003E \u003C\/span\u003E\n          \u003C\/span\u003E\n                  \u003C\/div\u003E\n    \u003C\/a\u003E\n\u003Ca href=\u0022\/foerderung\/immobilien-ohne-solar-droht-wertverlust\u0022  class=\u0022teaser teaser--standard\u0022 aria-label=\u0022Immobilien ohne Solar droht Wertverlust\u0022\u003E\n      \u003Cdiv class=\u0022teaser-content--image\u0022\u003E\n        \u003Cfigure class=\u0022image--figure\u0022\u003E\n        \u003Cpicture\u003E\n                        \u003Csource srcset=\u0022\/sites\/default\/files\/styles\/teaser_standard__m\/public\/aurora\/2024\/10\/398450.png.webp?itok=XnVaN40n 1x\u0022 media=\u0022(min-width: 48.0625em) and (max-width: 64em)\u0022 type=\u0022image\/webp\u0022 width=\u0022323\u0022 height=\u0022165\u0022\/\u003E\n                  \u003Csource srcset=\u0022\/sites\/default\/files\/styles\/teaser_standard__l\/public\/aurora\/2024\/10\/398450.png.webp?itok=pPe0BhuS 1x\u0022 media=\u0022(min-width: 64.0625em)\u0022 type=\u0022image\/webp\u0022 width=\u0022203\u0022 height=\u0022104\u0022\/\u003E\n                  \u003Csource srcset=\u0022\/sites\/default\/files\/styles\/teaser_standard__m\/public\/aurora\/2024\/10\/398450.png?itok=VxOOa4Rn 1x\u0022 media=\u0022(min-width: 48.0625em) and (max-width: 64em)\u0022 type=\u0022image\/png\u0022 width=\u0022323\u0022 height=\u0022165\u0022\/\u003E\n                  \u003Csource srcset=\u0022\/sites\/default\/files\/styles\/teaser_standard__l\/public\/aurora\/2024\/10\/398450.png?itok=Po7eFsea 1x\u0022 media=\u0022(min-width: 64.0625em)\u0022 type=\u0022image\/png\u0022 width=\u0022203\u0022 height=\u0022104\u0022\/\u003E\n                          \u003Cimg alt=\u0022Bewertungsrisiken sorgen bei Eigent\u00fcmern trotz Interesse f\u00fcr Zur\u00fcckhaltung\u0022 loading=\u0022eager\u0022 data-caption-hide width=\u0022708\u0022 height=\u0022362\u0022 data-zoomed=\u0022https:\/\/www.photovoltaik.eu\/sites\/default\/files\/styles\/content__zoomed\/public\/aurora\/2024\/10\/398450.png?itok=rBIpjt6c\u0022 src=\u0022\/sites\/default\/files\/styles\/teaser_standard__s\/public\/aurora\/2024\/10\/398450.png?itok=LrIh5VmM\u0022 title=\u0022\u00a9 JLL\u0022 \/\u003E\n\n    \u003C\/picture\u003E\n      \u003Cfigcaption class=\u0022image--figcaption\u0022\u003E\n          \u003Cdiv class=\u0022copyright\u0022\u003EJLL\u003C\/div\u003E\n          \u003C\/figcaption\u003E\n\u003C\/figure\u003E\n\n\n    \u003C\/div\u003E\n    \u003Cdiv class=\u0022teaser-content\u0022\u003E\n                    \u003Cdiv class=\u0022teaser-content--kicker\u0022\u003E\n                    \n        \u003C\/div\u003E\n                                              \n                        \n        \u003Ch4 class=\u0022teaser-content--headline\u0022\u003E\n                                Immobilien ohne Solar droht \n                              \u003Cspan class=\u0022headline-last-word-arrow\u0022\u003EWertverlust                      \u003C\/span\u003E\n        \u003C\/h4\u003E\n            \u003Cdiv class=\u0022teaser-content--publishing-date\u0022\u003E\u003Ctime datetime=\u00222024-11-28T13:00:00Z\u0022\u003E28.11.2024\u003C\/time\u003E\n\u003C\/div\u003E\u003Cspan class=\u0022teaser-content--publishing-date-divider\u0022\u003E - \u003C\/span\u003E\u003Cdiv class=\u0022teaser-content--body\u0022\u003E\u003Cp\u003EPhotovoltaikanlagen spielen in der Immobilienbranche eine immer wichtigere Rolle. F\u00fcr einige Investoren sind sie sogar zur Bedingung geworden. F\u00fcr Immobilien ohne Photovoltaik oder der M\u00f6glichkeit einer Nachr\u00fcstung droht so langfristig ein Wertverlust.\u003C\/p\u003E\n\u003C\/div\u003E\n                        \u003Cspan class=\u0022read-more-arrow-container\u0022\u003E\n            \u003Cspan class=\u0022read-more-angled-arrow\u0022\u003E \u003C\/span\u003E\n          \u003C\/span\u003E\n                  \u003C\/div\u003E\n    \u003C\/a\u003E\n\u003Ca href=\u0022\/foerderung\/ise-studie-stromnachfrage-verdoppelt-sich-bis-2045\u0022  class=\u0022teaser teaser--standard\u0022 aria-label=\u0022ISE-Studie: Stromnachfrage verdoppelt sich bis 2045\u0022\u003E\n      \u003Cdiv class=\u0022teaser-content--image\u0022\u003E\n        \u003Cfigure class=\u0022image--figure\u0022\u003E\n        \u003Cpicture\u003E\n                        \u003Csource srcset=\u0022\/sites\/default\/files\/styles\/teaser_standard__m\/public\/aurora\/2024\/11\/406280.jpeg.webp?itok=fdzXZzwk 1x\u0022 media=\u0022(min-width: 48.0625em) and (max-width: 64em)\u0022 type=\u0022image\/webp\u0022 width=\u0022323\u0022 height=\u0022182\u0022\/\u003E\n                  \u003Csource srcset=\u0022\/sites\/default\/files\/styles\/teaser_standard__l\/public\/aurora\/2024\/11\/406280.jpeg.webp?itok=HdhlnPHs 1x\u0022 media=\u0022(min-width: 64.0625em)\u0022 type=\u0022image\/webp\u0022 width=\u0022203\u0022 height=\u0022114\u0022\/\u003E\n                  \u003Csource srcset=\u0022\/sites\/default\/files\/styles\/teaser_standard__m\/public\/aurora\/2024\/11\/406280.jpeg?itok=D33mIblg 1x\u0022 media=\u0022(min-width: 48.0625em) and (max-width: 64em)\u0022 type=\u0022image\/jpeg\u0022 width=\u0022323\u0022 height=\u0022182\u0022\/\u003E\n                  \u003Csource srcset=\u0022\/sites\/default\/files\/styles\/teaser_standard__l\/public\/aurora\/2024\/11\/406280.jpeg?itok=4E2QN-EP 1x\u0022 media=\u0022(min-width: 64.0625em)\u0022 type=\u0022image\/jpeg\u0022 width=\u0022203\u0022 height=\u0022114\u0022\/\u003E\n                          \u003Cimg alt=\u0022Kombi f\u00fcr die Zukunft: Batteriespeicher und Solarpark im baden-w\u00fcrttembergischen Villingen-Schwenningen.\u0022 loading=\u0022eager\u0022 data-caption-hide width=\u0022708\u0022 height=\u0022398\u0022 data-zoomed=\u0022https:\/\/www.photovoltaik.eu\/sites\/default\/files\/styles\/content__zoomed\/public\/aurora\/2024\/11\/406280.jpeg?itok=8LMQr5N2\u0022 src=\u0022\/sites\/default\/files\/styles\/teaser_standard__s\/public\/aurora\/2024\/11\/406280.jpeg?itok=xajhiuG_\u0022 title=\u0022\u00a9 Baywa r.e.\u0022 \/\u003E\n\n    \u003C\/picture\u003E\n      \u003Cfigcaption class=\u0022image--figcaption\u0022\u003E\n          \u003Cdiv class=\u0022copyright\u0022\u003EBaywa r.e.\u003C\/div\u003E\n          \u003C\/figcaption\u003E\n\u003C\/figure\u003E\n\n\n    \u003C\/div\u003E\n    \u003Cdiv class=\u0022teaser-content\u0022\u003E\n                    \u003Cdiv class=\u0022teaser-content--kicker\u0022\u003E\n                    \n        \u003C\/div\u003E\n                                              \n                        \n        \u003Ch4 class=\u0022teaser-content--headline\u0022\u003E\n                                ISE-Studie: Stromnachfrage verdoppelt sich bis \n                              \u003Cspan class=\u0022headline-last-word-arrow\u0022\u003E2045                      \u003C\/span\u003E\n        \u003C\/h4\u003E\n            \u003Cdiv class=\u0022teaser-content--publishing-date\u0022\u003E\u003Ctime datetime=\u00222024-11-22T14:00:03Z\u0022\u003E22.11.2024\u003C\/time\u003E\n\u003C\/div\u003E\u003Cspan class=\u0022teaser-content--publishing-date-divider\u0022\u003E - \u003C\/span\u003E\u003Cdiv class=\u0022teaser-content--body\u0022\u003E\u003Cp\u003EEine neue Studie des Fraunhofer ISE zeigt, wie die Transformation des Energiesystems hin zur Klimaneutralit\u00e4t im Jahr 2045 technologisch aussehen k\u00f6nnte. Durch eine hohe Elektrifizierung in verschiedenen Sektoren wie W\u00e4rme und Mobilit\u00e4t ist demnach mit einer Verdoppelung der Stromnachfrage zu rechnen. Die Photovoltaik k\u00f6nnte 420 Gigawatt erreichen.\u003C\/p\u003E\n\u003C\/div\u003E\n                        \u003Cspan class=\u0022read-more-arrow-container\u0022\u003E\n            \u003Cspan class=\u0022read-more-angled-arrow\u0022\u003E \u003C\/span\u003E\n          \u003C\/span\u003E\n                  \u003C\/div\u003E\n    \u003C\/a\u003E\n\u003Ca href=\u0022\/foerderung\/tschechien-investoren-bereiten-klage-gegen-solarkuerzungen-der-regierung-vor\u0022  class=\u0022teaser teaser--standard\u0022 aria-label=\u0022Tschechien: Investoren bereiten Klage gegen Solark\u00fcrzungen der Regierung vor\u0022\u003E\n      \u003Cdiv class=\u0022teaser-content--image\u0022\u003E\n        \u003Cfigure class=\u0022image--figure\u0022\u003E\n        \u003Cpicture\u003E\n                        \u003Csource srcset=\u0022\/sites\/default\/files\/styles\/teaser_standard__m\/public\/aurora\/2024\/11\/405021.png.webp?itok=p7pY1cdE 1x\u0022 media=\u0022(min-width: 48.0625em) and (max-width: 64em)\u0022 type=\u0022image\/webp\u0022 width=\u0022323\u0022 height=\u0022218\u0022\/\u003E\n                  \u003Csource srcset=\u0022\/sites\/default\/files\/styles\/teaser_standard__l\/public\/aurora\/2024\/11\/405021.png.webp?itok=oPYwH4be 1x\u0022 media=\u0022(min-width: 64.0625em)\u0022 type=\u0022image\/webp\u0022 width=\u0022203\u0022 height=\u0022137\u0022\/\u003E\n                  \u003Csource srcset=\u0022\/sites\/default\/files\/styles\/teaser_standard__m\/public\/aurora\/2024\/11\/405021.png?itok=z6RasqYh 1x\u0022 media=\u0022(min-width: 48.0625em) and (max-width: 64em)\u0022 type=\u0022image\/png\u0022 width=\u0022323\u0022 height=\u0022218\u0022\/\u003E\n                  \u003Csource srcset=\u0022\/sites\/default\/files\/styles\/teaser_standard__l\/public\/aurora\/2024\/11\/405021.png?itok=Auoinzu_ 1x\u0022 media=\u0022(min-width: 64.0625em)\u0022 type=\u0022image\/png\u0022 width=\u0022203\u0022 height=\u0022137\u0022\/\u003E\n                          \u003Cimg alt=\u0022Batteriespeicher und Solarparks sind eine gute Kombi. Allerdings braucht es Investoren, um sie umzusetzen.\u0022 loading=\u0022eager\u0022 data-caption-hide width=\u0022591\u0022 height=\u0022398\u0022 data-zoomed=\u0022https:\/\/www.photovoltaik.eu\/sites\/default\/files\/styles\/content__zoomed\/public\/aurora\/2024\/11\/405021.png?itok=m7rf8m77\u0022 src=\u0022\/sites\/default\/files\/styles\/teaser_standard__s\/public\/aurora\/2024\/11\/405021.png?itok=_Mtb58fj\u0022 title=\u0022\u00a9 Solar Global\u0022 \/\u003E\n\n    \u003C\/picture\u003E\n      \u003Cfigcaption class=\u0022image--figcaption\u0022\u003E\n          \u003Cdiv class=\u0022copyright\u0022\u003ESolar Global\u003C\/div\u003E\n          \u003C\/figcaption\u003E\n\u003C\/figure\u003E\n\n\n    \u003C\/div\u003E\n    \u003Cdiv class=\u0022teaser-content\u0022\u003E\n                    \u003Cdiv class=\u0022teaser-content--kicker\u0022\u003E\n                    \n        \u003C\/div\u003E\n                                              \n                        \n        \u003Ch4 class=\u0022teaser-content--headline\u0022\u003E\n                                Tschechien: Investoren bereiten Klage gegen Solark\u00fcrzungen der Regierung \n                              \u003Cspan class=\u0022headline-last-word-arrow\u0022\u003Evor                      \u003C\/span\u003E\n        \u003C\/h4\u003E\n            \u003Cdiv class=\u0022teaser-content--publishing-date\u0022\u003E\u003Ctime datetime=\u00222024-11-15T12:00:03Z\u0022\u003E15.11.2024\u003C\/time\u003E\n\u003C\/div\u003E\u003Cspan class=\u0022teaser-content--publishing-date-divider\u0022\u003E - \u003C\/span\u003E\u003Cdiv class=\u0022teaser-content--body\u0022\u003E\u003Cp\u003EDie tschechische Regierung plant die F\u00f6rderung f\u00fcr bestehende Solarkraftwerke r\u00fcckwirkend zu k\u00fcrzen \u2013 ein Supergau. Oppositionsabgeordnete, die Wirtschaftskammer und der tschechische Solarverband warnen vor sachlichen M\u00e4ngeln und bef\u00fcrchten die Insolvenz vieler Unternehmen.\u003C\/p\u003E\n\u003C\/div\u003E\n                        \u003Cspan class=\u0022read-more-arrow-container\u0022\u003E\n            \u003Cspan class=\u0022read-more-angled-arrow\u0022\u003E \u003C\/span\u003E\n          \u003C\/span\u003E\n                  \u003C\/div\u003E\n    \u003C\/a\u003E\n","entity_type":"node","used_ids":[""],"show_more":"\u003Cdiv class=\u0022del-show-more\u0022\u003E\u003Ca href=\u0022\/ajax\/del\/0a40107a-329d-4b53-b6a8-4aca52fa0c66\/paragraph\/26\/19\/asc\/eyJub2RlIjp7ImlkIjoiMjAwNDM3IiwidHlwZSI6InBhZ2UifX0%3D\u0022 title=\u0022Mehr Elemente anzeigen\u0022 class=\u0022del-show-more-link use-ajax\u0022 rel=\u0022nofollow\u0022 data-target-type=\u0022node\u0022 aria-controls=\u0022del--paragraph-695664--content\u0022 aria-label=\u0022Mehr Elemente anzeigen\u0022\u003EMehr anzeigen\u003C\/a\u003E\u003C\/div\u003E\n"}]