[{"command":"showMoreTeasers","id":"del--paragraph-756067","content":"\u003Ca href=\u0022\/wechselrichter\/leonhard-peboeck-und-robert-muellehner-von-fronius-innovationen-fuer-private-und\u0022  class=\u0022teaser teaser--standard\u0022 aria-label=\u0022Leonhard Peb\u00f6ck und Robert M\u00fcllehner von Fronius: Innovationen f\u00fcr private und Gewerbekunden\u0022\u003E\n      \u003Cdiv class=\u0022teaser-content--image\u0022\u003E\n        \u003Cfigure class=\u0022image--figure\u0022\u003E\n        \u003Cpicture\u003E\n                        \u003Csource srcset=\u0022\/sites\/default\/files\/styles\/teaser_standard__m\/public\/aurora\/2025\/03\/374698.jpeg.webp?itok=BWwqDC1j 1x\u0022 media=\u0022(min-width: 48.0625em) and (max-width: 64em)\u0022 type=\u0022image\/webp\u0022 width=\u0022323\u0022 height=\u0022182\u0022\/\u003E\n                  \u003Csource srcset=\u0022\/sites\/default\/files\/styles\/teaser_standard__l\/public\/aurora\/2025\/03\/374698.jpeg.webp?itok=NPPI1Okn 1x\u0022 media=\u0022(min-width: 64.0625em)\u0022 type=\u0022image\/webp\u0022 width=\u0022203\u0022 height=\u0022114\u0022\/\u003E\n                  \u003Csource srcset=\u0022\/sites\/default\/files\/styles\/teaser_standard__m\/public\/aurora\/2025\/03\/374698.jpeg?itok=7VhIOmZA 1x\u0022 media=\u0022(min-width: 48.0625em) and (max-width: 64em)\u0022 type=\u0022image\/jpeg\u0022 width=\u0022323\u0022 height=\u0022182\u0022\/\u003E\n                  \u003Csource srcset=\u0022\/sites\/default\/files\/styles\/teaser_standard__l\/public\/aurora\/2025\/03\/374698.jpeg?itok=Bs6vMyyK 1x\u0022 media=\u0022(min-width: 64.0625em)\u0022 type=\u0022image\/jpeg\u0022 width=\u0022203\u0022 height=\u0022114\u0022\/\u003E\n                          \u003Cimg alt=\u0022Fronius wartet auch in diesem Jahr wieder mit spannenden Neuheiten auf.\u0022 loading=\u0022eager\u0022 data-caption-hide width=\u0022708\u0022 height=\u0022398\u0022 data-zoomed=\u0022https:\/\/www.photovoltaik.eu\/sites\/default\/files\/styles\/content__zoomed\/public\/aurora\/2025\/03\/374698.jpeg?itok=X9KjDG4t\u0022 src=\u0022\/sites\/default\/files\/styles\/teaser_standard__s\/public\/aurora\/2025\/03\/374698.jpeg?itok=qL8JSTuo\u0022 title=\u0022\u00a9 Vorsatz Media\u0022 \/\u003E\n\n    \u003C\/picture\u003E\n      \u003Cfigcaption class=\u0022image--figcaption\u0022\u003E\n          \u003Cdiv class=\u0022copyright\u0022\u003EVorsatz Media\u003C\/div\u003E\n          \u003C\/figcaption\u003E\n\u003C\/figure\u003E\n\n\n    \u003C\/div\u003E\n    \u003Cdiv class=\u0022teaser-content\u0022\u003E\n                    \u003Cdiv class=\u0022teaser-content--kicker\u0022\u003E\n                    \n        \u003C\/div\u003E\n                                              \n                        \n        \u003Ch4 class=\u0022teaser-content--headline\u0022\u003E\n                                Leonhard Peb\u00f6ck und Robert M\u00fcllehner von Fronius: Innovationen f\u00fcr private und \n                              \u003Cspan class=\u0022headline-last-word-arrow\u0022\u003EGewerbekunden                      \u003C\/span\u003E\n        \u003C\/h4\u003E\n            \u003Cdiv class=\u0022teaser-content--publishing-date\u0022\u003E\u003Ctime datetime=\u00222025-04-25T12:00:00Z\u0022\u003E25.04.2025\u003C\/time\u003E\n\u003C\/div\u003E\u003Cspan class=\u0022teaser-content--publishing-date-divider\u0022\u003E - \u003C\/span\u003E\u003Cdiv class=\u0022teaser-content--body\u0022\u003E\u003Cp\u003EPV Guided Tours: Fronius zeigt smarte L\u00f6sungen f\u00fcr Notstrom und neue Hybridwechselrichter. Ob f\u00fcr Eigenheim oder Gewerbe \u2013 die Anspr\u00fcche an Qualit\u00e4t, Datenschutz und Wertsch\u00f6pfung in Europa sind hoch. Wie sie unter einen Hut passen, erkl\u00e4ren Leonhard Peb\u00f6ck und Robert M\u00fcllehner von Fronius International.\u003C\/p\u003E\n\u003C\/div\u003E\n                        \u003Cspan class=\u0022read-more-arrow-container\u0022\u003E\n            \u003Cspan class=\u0022read-more-angled-arrow\u0022\u003E \u003C\/span\u003E\n          \u003C\/span\u003E\n                  \u003C\/div\u003E\n    \u003C\/a\u003E\n\u003Ca href=\u0022\/wechselrichter\/anton-xiang-von-hoymiles-neuer-ac-speicher-fuer-den-balkon\u0022  class=\u0022teaser teaser--standard\u0022 aria-label=\u0022Anton Xiang von Hoymiles: Neuer AC-Speicher f\u00fcr den Balkon\u0022\u003E\n      \u003Cdiv class=\u0022teaser-content--image\u0022\u003E\n        \u003Cfigure class=\u0022image--figure\u0022\u003E\n        \u003Cpicture\u003E\n                        \u003Csource srcset=\u0022\/sites\/default\/files\/styles\/teaser_standard__m\/public\/aurora\/2024\/06\/374557.jpeg.webp?itok=0_fMF-k4 1x\u0022 media=\u0022(min-width: 48.0625em) and (max-width: 64em)\u0022 type=\u0022image\/webp\u0022 width=\u0022323\u0022 height=\u0022181\u0022\/\u003E\n                  \u003Csource srcset=\u0022\/sites\/default\/files\/styles\/teaser_standard__l\/public\/aurora\/2024\/06\/374557.jpeg.webp?itok=f91fYC5N 1x\u0022 media=\u0022(min-width: 64.0625em)\u0022 type=\u0022image\/webp\u0022 width=\u0022203\u0022 height=\u0022114\u0022\/\u003E\n                  \u003Csource srcset=\u0022\/sites\/default\/files\/styles\/teaser_standard__m\/public\/aurora\/2024\/06\/374557.jpeg?itok=Jvki-stF 1x\u0022 media=\u0022(min-width: 48.0625em) and (max-width: 64em)\u0022 type=\u0022image\/jpeg\u0022 width=\u0022323\u0022 height=\u0022181\u0022\/\u003E\n                  \u003Csource srcset=\u0022\/sites\/default\/files\/styles\/teaser_standard__l\/public\/aurora\/2024\/06\/374557.jpeg?itok=VGqnmIf5 1x\u0022 media=\u0022(min-width: 64.0625em)\u0022 type=\u0022image\/jpeg\u0022 width=\u0022203\u0022 height=\u0022114\u0022\/\u003E\n                          \u003Cimg loading=\u0022eager\u0022 data-caption-hide width=\u0022708\u0022 height=\u0022397\u0022 alt=\u0022Anton Xiang ist Entwickler bei Hoymiles.\u0022 data-zoomed=\u0022https:\/\/www.photovoltaik.eu\/sites\/default\/files\/styles\/content__zoomed\/public\/aurora\/2024\/06\/374557.jpeg?itok=598eIZ15\u0022 src=\u0022\/sites\/default\/files\/styles\/teaser_standard__s\/public\/aurora\/2024\/06\/374557.jpeg?itok=EH6WIC6D\u0022 title=\u0022\u00a9 Vorsatz Media\u0022 \/\u003E\n\n    \u003C\/picture\u003E\n      \u003Cfigcaption class=\u0022image--figcaption\u0022\u003E\n          \u003Cdiv class=\u0022copyright\u0022\u003EVorsatz Media\u003C\/div\u003E\n          \u003C\/figcaption\u003E\n\u003C\/figure\u003E\n\n\n    \u003C\/div\u003E\n    \u003Cdiv class=\u0022teaser-content\u0022\u003E\n                    \u003Cdiv class=\u0022teaser-content--kicker\u0022\u003E\n                    \n        \u003C\/div\u003E\n                                              \n                        \n        \u003Ch4 class=\u0022teaser-content--headline\u0022\u003E\n                                Anton Xiang von Hoymiles: Neuer AC-Speicher f\u00fcr den \n                              \u003Cspan class=\u0022headline-last-word-arrow\u0022\u003EBalkon                      \u003C\/span\u003E\n        \u003C\/h4\u003E\n            \u003Cdiv class=\u0022teaser-content--publishing-date\u0022\u003E\u003Ctime datetime=\u00222025-04-24T14:00:00Z\u0022\u003E24.04.2025\u003C\/time\u003E\n\u003C\/div\u003E\u003Cspan class=\u0022teaser-content--publishing-date-divider\u0022\u003E - \u003C\/span\u003E\u003Cdiv class=\u0022teaser-content--body\u0022\u003E\u003Cp\u003EPV Guided Tours: Hoymiles hat einen Solarspeicher f\u00fcr kleine Anlagen entwickelt. Er verspricht den Kunden erhebliche Flexibilit\u00e4t. Produktentwickler Anton Xiang erkl\u00e4rt die Details und stellt weitere Innovationen vor.\u003C\/p\u003E\n\u003C\/div\u003E\n                        \u003Cspan class=\u0022read-more-arrow-container\u0022\u003E\n            \u003Cspan class=\u0022read-more-angled-arrow\u0022\u003E \u003C\/span\u003E\n          \u003C\/span\u003E\n                  \u003C\/div\u003E\n    \u003C\/a\u003E\n\u003Ca href=\u0022\/montage\/christian-ganahl-von-aerocompact-flexible-montage-auf-dach-und-fassade\u0022  class=\u0022teaser teaser--standard\u0022 aria-label=\u0022Christian Ganahl von Aerocompact: Flexible Montage auf Dach und Fassade\u0022\u003E\n      \u003Cdiv class=\u0022teaser-content--image\u0022\u003E\n        \u003Cfigure class=\u0022image--figure\u0022\u003E\n        \u003Cpicture\u003E\n                        \u003Csource srcset=\u0022\/sites\/default\/files\/styles\/teaser_standard__m\/public\/aurora\/2024\/07\/375553.jpeg.webp?itok=HAdRqI6Y 1x\u0022 media=\u0022(min-width: 48.0625em) and (max-width: 64em)\u0022 type=\u0022image\/webp\u0022 width=\u0022323\u0022 height=\u0022181\u0022\/\u003E\n                  \u003Csource srcset=\u0022\/sites\/default\/files\/styles\/teaser_standard__l\/public\/aurora\/2024\/07\/375553.jpeg.webp?itok=5v-4Tp1J 1x\u0022 media=\u0022(min-width: 64.0625em)\u0022 type=\u0022image\/webp\u0022 width=\u0022203\u0022 height=\u0022114\u0022\/\u003E\n                  \u003Csource srcset=\u0022\/sites\/default\/files\/styles\/teaser_standard__m\/public\/aurora\/2024\/07\/375553.jpeg?itok=A8CvNnED 1x\u0022 media=\u0022(min-width: 48.0625em) and (max-width: 64em)\u0022 type=\u0022image\/jpeg\u0022 width=\u0022323\u0022 height=\u0022181\u0022\/\u003E\n                  \u003Csource srcset=\u0022\/sites\/default\/files\/styles\/teaser_standard__l\/public\/aurora\/2024\/07\/375553.jpeg?itok=UlSCD9Yc 1x\u0022 media=\u0022(min-width: 64.0625em)\u0022 type=\u0022image\/jpeg\u0022 width=\u0022203\u0022 height=\u0022114\u0022\/\u003E\n                          \u003Cimg loading=\u0022eager\u0022 data-caption-hide width=\u0022708\u0022 height=\u0022398\u0022 alt=\u0022Christian Ganahl (rechts) ist Technischer Gesch\u00e4ftsf\u00fchrer von Aerocompact.\u0022 data-zoomed=\u0022https:\/\/www.photovoltaik.eu\/sites\/default\/files\/styles\/content__zoomed\/public\/aurora\/2024\/07\/375553.jpeg?itok=7HHqfJ0T\u0022 src=\u0022\/sites\/default\/files\/styles\/teaser_standard__s\/public\/aurora\/2024\/07\/375553.jpeg?itok=wYnsRPmE\u0022 title=\u0022\u00a9 Vorsatz Media\u0022 \/\u003E\n\n    \u003C\/picture\u003E\n      \u003Cfigcaption class=\u0022image--figcaption\u0022\u003E\n          \u003Cdiv class=\u0022copyright\u0022\u003EVorsatz Media\u003C\/div\u003E\n          \u003C\/figcaption\u003E\n\u003C\/figure\u003E\n\n\n    \u003C\/div\u003E\n    \u003Cdiv class=\u0022teaser-content\u0022\u003E\n                    \u003Cdiv class=\u0022teaser-content--kicker\u0022\u003E\n                    \n        \u003C\/div\u003E\n                                              \n                        \n        \u003Ch4 class=\u0022teaser-content--headline\u0022\u003E\n                                Christian Ganahl von Aerocompact: Flexible Montage auf Dach und \n                              \u003Cspan class=\u0022headline-last-word-arrow\u0022\u003EFassade                      \u003C\/span\u003E\n        \u003C\/h4\u003E\n            \u003Cdiv class=\u0022teaser-content--publishing-date\u0022\u003E\u003Ctime datetime=\u00222025-04-24T06:00:00Z\u0022\u003E24.04.2025\u003C\/time\u003E\n\u003C\/div\u003E\u003Cspan class=\u0022teaser-content--publishing-date-divider\u0022\u003E - \u003C\/span\u003E\u003Cdiv class=\u0022teaser-content--body\u0022\u003E\u003Cp\u003EPV Guided Tours: Ob auf dem Dach oder an der Fassade - die Montage von Solarmodulen braucht passende Unterkonstruktionen. Dabei geht es nicht nur um Vielseitigkeit, sondern vor allem um Sicherheit und Stabilit\u00e4t. Wie alles zusammengeht, wei\u00df Christian Ganahl, Technischer Gesch\u00e4ftsf\u00fchrer von Aerocompact.\u003C\/p\u003E\n\u003C\/div\u003E\n                        \u003Cspan class=\u0022read-more-arrow-container\u0022\u003E\n            \u003Cspan class=\u0022read-more-angled-arrow\u0022\u003E \u003C\/span\u003E\n          \u003C\/span\u003E\n                  \u003C\/div\u003E\n    \u003C\/a\u003E\n\u003Ca href=\u0022\/solarspeicher\/christian-buchholz-von-sofar-erstklassige-loesungen-fuer-pv-und-speicher\u0022  class=\u0022teaser teaser--standard\u0022 aria-label=\u0022Christian Buchholz von Sofar: Erstklassige L\u00f6sungen f\u00fcr PV und Speicher\u0022\u003E\n      \u003Cdiv class=\u0022teaser-content--image\u0022\u003E\n        \u003Cfigure class=\u0022image--figure\u0022\u003E\n        \u003Cpicture\u003E\n                        \u003Csource srcset=\u0022\/sites\/default\/files\/styles\/teaser_standard__m\/public\/aurora\/2024\/07\/376340.jpeg.webp?itok=k17YHfuT 1x\u0022 media=\u0022(min-width: 48.0625em) and (max-width: 64em)\u0022 type=\u0022image\/webp\u0022 width=\u0022323\u0022 height=\u0022182\u0022\/\u003E\n                  \u003Csource srcset=\u0022\/sites\/default\/files\/styles\/teaser_standard__l\/public\/aurora\/2024\/07\/376340.jpeg.webp?itok=MWF-r46x 1x\u0022 media=\u0022(min-width: 64.0625em)\u0022 type=\u0022image\/webp\u0022 width=\u0022203\u0022 height=\u0022114\u0022\/\u003E\n                  \u003Csource srcset=\u0022\/sites\/default\/files\/styles\/teaser_standard__m\/public\/aurora\/2024\/07\/376340.jpeg?itok=keljP2YK 1x\u0022 media=\u0022(min-width: 48.0625em) and (max-width: 64em)\u0022 type=\u0022image\/jpeg\u0022 width=\u0022323\u0022 height=\u0022182\u0022\/\u003E\n                  \u003Csource srcset=\u0022\/sites\/default\/files\/styles\/teaser_standard__l\/public\/aurora\/2024\/07\/376340.jpeg?itok=zES9TrUK 1x\u0022 media=\u0022(min-width: 64.0625em)\u0022 type=\u0022image\/jpeg\u0022 width=\u0022203\u0022 height=\u0022114\u0022\/\u003E\n                          \u003Cimg loading=\u0022eager\u0022 data-caption-hide width=\u0022708\u0022 height=\u0022398\u0022 alt=\u0022Christian Buchholz ist Technischer Leiter von Sofar Europe.\u0022 data-zoomed=\u0022https:\/\/www.photovoltaik.eu\/sites\/default\/files\/styles\/content__zoomed\/public\/aurora\/2024\/07\/376340.jpeg?itok=eBE6sQtw\u0022 src=\u0022\/sites\/default\/files\/styles\/teaser_standard__s\/public\/aurora\/2024\/07\/376340.jpeg?itok=exX7XSQP\u0022 title=\u0022\u00a9 Vorsatz Media\u0022 \/\u003E\n\n    \u003C\/picture\u003E\n      \u003Cfigcaption class=\u0022image--figcaption\u0022\u003E\n          \u003Cdiv class=\u0022copyright\u0022\u003EVorsatz Media\u003C\/div\u003E\n          \u003C\/figcaption\u003E\n\u003C\/figure\u003E\n\n\n    \u003C\/div\u003E\n    \u003Cdiv class=\u0022teaser-content\u0022\u003E\n                    \u003Cdiv class=\u0022teaser-content--kicker\u0022\u003E\n                    \n        \u003C\/div\u003E\n                                              \n                        \n        \u003Ch4 class=\u0022teaser-content--headline\u0022\u003E\n                                Christian Buchholz von Sofar: Erstklassige L\u00f6sungen f\u00fcr PV und \n                              \u003Cspan class=\u0022headline-last-word-arrow\u0022\u003ESpeicher                      \u003C\/span\u003E\n        \u003C\/h4\u003E\n            \u003Cdiv class=\u0022teaser-content--publishing-date\u0022\u003E\u003Ctime datetime=\u00222025-04-23T14:00:00Z\u0022\u003E23.04.2025\u003C\/time\u003E\n\u003C\/div\u003E\u003Cspan class=\u0022teaser-content--publishing-date-divider\u0022\u003E - \u003C\/span\u003E\u003Cdiv class=\u0022teaser-content--body\u0022\u003E\u003Cp\u003ECEO Talk: Der Speichermarkt entwickelt sich st\u00e4ndig weiter. Sofar konzentriert sich auf Innovationen, um h\u00f6chsten Anforderungen gerecht zu werden. Was sind die Trends im Markt f\u00fcr Energiespeicher? Und was bietet Sofar seinen Kunden? Das erfahren wir von Christian Buchholz, Technischer Leiter von Sofar Europe.\u003C\/p\u003E\n\u003C\/div\u003E\n                        \u003Cspan class=\u0022read-more-arrow-container\u0022\u003E\n            \u003Cspan class=\u0022read-more-angled-arrow\u0022\u003E \u003C\/span\u003E\n          \u003C\/span\u003E\n                  \u003C\/div\u003E\n    \u003C\/a\u003E\n\u003Ca href=\u0022\/solarmodule\/roman-giehl-von-jinko-solar-fortschritt-durch-nachhaltige-transformation\u0022  class=\u0022teaser teaser--standard\u0022 aria-label=\u0022Roman Giehl von Jinko Solar: Fortschritt durch nachhaltige Transformation\u0022\u003E\n      \u003Cdiv class=\u0022teaser-content--image\u0022\u003E\n        \u003Cfigure class=\u0022image--figure\u0022\u003E\n        \u003Cpicture\u003E\n                        \u003Csource srcset=\u0022\/sites\/default\/files\/styles\/teaser_standard__m\/public\/aurora\/2024\/07\/376337.jpeg.webp?itok=LMRo9NEz 1x\u0022 media=\u0022(min-width: 48.0625em) and (max-width: 64em)\u0022 type=\u0022image\/webp\u0022 width=\u0022323\u0022 height=\u0022182\u0022\/\u003E\n                  \u003Csource srcset=\u0022\/sites\/default\/files\/styles\/teaser_standard__l\/public\/aurora\/2024\/07\/376337.jpeg.webp?itok=oum9HnaX 1x\u0022 media=\u0022(min-width: 64.0625em)\u0022 type=\u0022image\/webp\u0022 width=\u0022203\u0022 height=\u0022114\u0022\/\u003E\n                  \u003Csource srcset=\u0022\/sites\/default\/files\/styles\/teaser_standard__m\/public\/aurora\/2024\/07\/376337.jpeg?itok=4KDfxM-d 1x\u0022 media=\u0022(min-width: 48.0625em) and (max-width: 64em)\u0022 type=\u0022image\/jpeg\u0022 width=\u0022323\u0022 height=\u0022182\u0022\/\u003E\n                  \u003Csource srcset=\u0022\/sites\/default\/files\/styles\/teaser_standard__l\/public\/aurora\/2024\/07\/376337.jpeg?itok=BUHg6eWx 1x\u0022 media=\u0022(min-width: 64.0625em)\u0022 type=\u0022image\/jpeg\u0022 width=\u0022203\u0022 height=\u0022114\u0022\/\u003E\n                          \u003Cimg loading=\u0022eager\u0022 data-caption-hide width=\u0022708\u0022 height=\u0022398\u0022 alt=\u0022Roman Giehl (rechts) ist Senior Technical Manager RESS bei Jinko Solar.\u0022 data-zoomed=\u0022https:\/\/www.photovoltaik.eu\/sites\/default\/files\/styles\/content__zoomed\/public\/aurora\/2024\/07\/376337.jpeg?itok=54kzMR76\u0022 src=\u0022\/sites\/default\/files\/styles\/teaser_standard__s\/public\/aurora\/2024\/07\/376337.jpeg?itok=50HXa-5d\u0022 title=\u0022\u00a9 Vorsatz Media\u0022 \/\u003E\n\n    \u003C\/picture\u003E\n      \u003Cfigcaption class=\u0022image--figcaption\u0022\u003E\n          \u003Cdiv class=\u0022copyright\u0022\u003EVorsatz Media\u003C\/div\u003E\n          \u003C\/figcaption\u003E\n\u003C\/figure\u003E\n\n\n    \u003C\/div\u003E\n    \u003Cdiv class=\u0022teaser-content\u0022\u003E\n                    \u003Cdiv class=\u0022teaser-content--kicker\u0022\u003E\n                    \n        \u003C\/div\u003E\n                                              \n                        \n        \u003Ch4 class=\u0022teaser-content--headline\u0022\u003E\n                                Roman Giehl von Jinko Solar: Fortschritt durch nachhaltige \n                              \u003Cspan class=\u0022headline-last-word-arrow\u0022\u003ETransformation                      \u003C\/span\u003E\n        \u003C\/h4\u003E\n            \u003Cdiv class=\u0022teaser-content--publishing-date\u0022\u003E\u003Ctime datetime=\u00222025-04-21T11:15:00Z\u0022\u003E21.04.2025\u003C\/time\u003E\n\u003C\/div\u003E\u003Cspan class=\u0022teaser-content--publishing-date-divider\u0022\u003E - \u003C\/span\u003E\u003Cdiv class=\u0022teaser-content--body\u0022\u003E\u003Cp\u003EPV Guided Tours: Jinko Solar kam mit neuen Solarmodulen und Batteriespeichern zur Smarter E Europe. Besonders viel hat sich bei den Zellen getan, sowohl f\u00fcr Solarmodule als auch f\u00fcr Batterien. Die Herstellung der Solarzellen ist viel umweltfreundlicher geworden. Roman Giehl, Senior Technical Manager RESS, erl\u00e4utert die Strategie.\u003C\/p\u003E\n\u003C\/div\u003E\n                        \u003Cspan class=\u0022read-more-arrow-container\u0022\u003E\n            \u003Cspan class=\u0022read-more-angled-arrow\u0022\u003E \u003C\/span\u003E\n          \u003C\/span\u003E\n                  \u003C\/div\u003E\n    \u003C\/a\u003E\n\u003Ca href=\u0022\/wechselrichter\/lars-brinkmeyer-von-kostal-solar-electric-viele-loesungen-mit-schlankem-portfolio\u0022  class=\u0022teaser teaser--standard\u0022 aria-label=\u0022Lars Brinkmeyer von Kostal Solar Electric: Viele L\u00f6sungen mit schlankem Portfolio\u0022\u003E\n      \u003Cdiv class=\u0022teaser-content--image\u0022\u003E\n        \u003Cfigure class=\u0022image--figure\u0022\u003E\n        \u003Cpicture\u003E\n                        \u003Csource srcset=\u0022\/sites\/default\/files\/styles\/teaser_standard__m\/public\/aurora\/2024\/07\/376009.jpeg.webp?itok=sRhGX6SA 1x\u0022 media=\u0022(min-width: 48.0625em) and (max-width: 64em)\u0022 type=\u0022image\/webp\u0022 width=\u0022323\u0022 height=\u0022182\u0022\/\u003E\n                  \u003Csource srcset=\u0022\/sites\/default\/files\/styles\/teaser_standard__l\/public\/aurora\/2024\/07\/376009.jpeg.webp?itok=sfxoicIG 1x\u0022 media=\u0022(min-width: 64.0625em)\u0022 type=\u0022image\/webp\u0022 width=\u0022203\u0022 height=\u0022114\u0022\/\u003E\n                  \u003Csource srcset=\u0022\/sites\/default\/files\/styles\/teaser_standard__m\/public\/aurora\/2024\/07\/376009.jpeg?itok=F8v_UMaq 1x\u0022 media=\u0022(min-width: 48.0625em) and (max-width: 64em)\u0022 type=\u0022image\/jpeg\u0022 width=\u0022323\u0022 height=\u0022182\u0022\/\u003E\n                  \u003Csource srcset=\u0022\/sites\/default\/files\/styles\/teaser_standard__l\/public\/aurora\/2024\/07\/376009.jpeg?itok=FgiZ9Lim 1x\u0022 media=\u0022(min-width: 64.0625em)\u0022 type=\u0022image\/jpeg\u0022 width=\u0022203\u0022 height=\u0022114\u0022\/\u003E\n                          \u003Cimg alt=\u0022Lars Brinkmeyer leitet den Vertrieb bei Kostal Solar Electric.\u0022 loading=\u0022eager\u0022 data-caption-hide width=\u0022708\u0022 height=\u0022398\u0022 data-zoomed=\u0022https:\/\/www.photovoltaik.eu\/sites\/default\/files\/styles\/content__zoomed\/public\/aurora\/2024\/07\/376009.jpeg?itok=sCPXFiBS\u0022 src=\u0022\/sites\/default\/files\/styles\/teaser_standard__s\/public\/aurora\/2024\/07\/376009.jpeg?itok=kttCtle0\u0022 title=\u0022\u00a9 Vorsatz Media\u0022 \/\u003E\n\n    \u003C\/picture\u003E\n      \u003Cfigcaption class=\u0022image--figcaption\u0022\u003E\n          \u003Cdiv class=\u0022copyright\u0022\u003EVorsatz Media\u003C\/div\u003E\n          \u003C\/figcaption\u003E\n\u003C\/figure\u003E\n\n\n    \u003C\/div\u003E\n    \u003Cdiv class=\u0022teaser-content\u0022\u003E\n                    \u003Cdiv class=\u0022teaser-content--kicker\u0022\u003E\n                    \n        \u003C\/div\u003E\n                                              \n                        \n        \u003Ch4 class=\u0022teaser-content--headline\u0022\u003E\n                                Lars Brinkmeyer von Kostal Solar Electric: Viele L\u00f6sungen mit schlankem \n                              \u003Cspan class=\u0022headline-last-word-arrow\u0022\u003EPortfolio                      \u003C\/span\u003E\n        \u003C\/h4\u003E\n            \u003Cdiv class=\u0022teaser-content--publishing-date\u0022\u003E\u003Ctime datetime=\u00222025-04-20T08:15:00Z\u0022\u003E20.04.2025\u003C\/time\u003E\n\u003C\/div\u003E\u003Cspan class=\u0022teaser-content--publishing-date-divider\u0022\u003E - \u003C\/span\u003E\u003Cdiv class=\u0022teaser-content--body\u0022\u003E\u003Cp\u003EPV Guided Tours: Nur drei Wechselrichter bieten 27 verschiedene Leistungsklassen. Denn die neueste Generation G3 des Plenticore von Kostal w\u00e4chst mit ihren Aufgaben. Welche L\u00f6sungen Kostal f\u00fcr private und Gewerbekunden entwickelt hat, wei\u00df Lars Brinkmeyer. Er leitet den Vertrieb bei Kostal Solar Electric.\u003C\/p\u003E\n\u003C\/div\u003E\n                        \u003Cspan class=\u0022read-more-arrow-container\u0022\u003E\n            \u003Cspan class=\u0022read-more-angled-arrow\u0022\u003E \u003C\/span\u003E\n          \u003C\/span\u003E\n                  \u003C\/div\u003E\n    \u003C\/a\u003E\n\u003Ca href=\u0022\/installation\/dr-tim-yuan-von-ampace-neue-technik-regelt-die-betriebstemperatur-von-stromspeichern\u0022  class=\u0022teaser teaser--standard\u0022 aria-label=\u0022Dr. Tim Yuan von Ampace: Neue Technik regelt die Betriebstemperatur von Stromspeichern\u0022\u003E\n      \u003Cdiv class=\u0022teaser-content--image\u0022\u003E\n        \u003Cfigure class=\u0022image--figure\u0022\u003E\n        \u003Cpicture\u003E\n                        \u003Csource srcset=\u0022\/sites\/default\/files\/styles\/teaser_standard__m\/public\/aurora\/2024\/07\/375993.jpeg.webp?itok=QcHNUdhh 1x\u0022 media=\u0022(min-width: 48.0625em) and (max-width: 64em)\u0022 type=\u0022image\/webp\u0022 width=\u0022323\u0022 height=\u0022182\u0022\/\u003E\n                  \u003Csource srcset=\u0022\/sites\/default\/files\/styles\/teaser_standard__l\/public\/aurora\/2024\/07\/375993.jpeg.webp?itok=tKgyzx_9 1x\u0022 media=\u0022(min-width: 64.0625em)\u0022 type=\u0022image\/webp\u0022 width=\u0022203\u0022 height=\u0022114\u0022\/\u003E\n                  \u003Csource srcset=\u0022\/sites\/default\/files\/styles\/teaser_standard__m\/public\/aurora\/2024\/07\/375993.jpeg?itok=VWZibTlj 1x\u0022 media=\u0022(min-width: 48.0625em) and (max-width: 64em)\u0022 type=\u0022image\/jpeg\u0022 width=\u0022323\u0022 height=\u0022182\u0022\/\u003E\n                  \u003Csource srcset=\u0022\/sites\/default\/files\/styles\/teaser_standard__l\/public\/aurora\/2024\/07\/375993.jpeg?itok=frMqo2ST 1x\u0022 media=\u0022(min-width: 64.0625em)\u0022 type=\u0022image\/jpeg\u0022 width=\u0022203\u0022 height=\u0022114\u0022\/\u003E\n                          \u003Cimg loading=\u0022eager\u0022 data-caption-hide width=\u0022708\u0022 height=\u0022398\u0022 alt=\u0022Dr. Tim Yuan von Ampace (links) erl\u00e4utert die neue Regelung der Temperaturen in Stromspeichern.\u0022 data-zoomed=\u0022https:\/\/www.photovoltaik.eu\/sites\/default\/files\/styles\/content__zoomed\/public\/aurora\/2024\/07\/375993.jpeg?itok=pcE0Hb80\u0022 src=\u0022\/sites\/default\/files\/styles\/teaser_standard__s\/public\/aurora\/2024\/07\/375993.jpeg?itok=5iVsfa8Q\u0022 title=\u0022\u00a9 Vorsatz Media\u0022 \/\u003E\n\n    \u003C\/picture\u003E\n      \u003Cfigcaption class=\u0022image--figcaption\u0022\u003E\n          \u003Cdiv class=\u0022copyright\u0022\u003EVorsatz Media\u003C\/div\u003E\n          \u003C\/figcaption\u003E\n\u003C\/figure\u003E\n\n\n    \u003C\/div\u003E\n    \u003Cdiv class=\u0022teaser-content\u0022\u003E\n                    \u003Cdiv class=\u0022teaser-content--kicker\u0022\u003E\n                    \n        \u003C\/div\u003E\n                                              \n                        \n        \u003Ch4 class=\u0022teaser-content--headline\u0022\u003E\n                                Dr. Tim Yuan von Ampace: Neue Technik regelt die Betriebstemperatur von \n                              \u003Cspan class=\u0022headline-last-word-arrow\u0022\u003EStromspeichern                      \u003C\/span\u003E\n        \u003C\/h4\u003E\n            \u003Cdiv class=\u0022teaser-content--publishing-date\u0022\u003E\u003Ctime datetime=\u00222025-04-19T12:30:00Z\u0022\u003E19.04.2025\u003C\/time\u003E\n\u003C\/div\u003E\u003Cspan class=\u0022teaser-content--publishing-date-divider\u0022\u003E - \u003C\/span\u003E\u003Cdiv class=\u0022teaser-content--body\u0022\u003E\u003Cp\u003EPV Guided Tours: Welche Technologie steckt hinter der sicheren, zuverl\u00e4ssigen und kosteng\u00fcnstigen Temperaturregelung f\u00fcr Batteriespeicher von Ampace? Gemeinsam mit CTO Dr. Tim Yuan schauen wir uns das Zero Cooling- und Zero Air Conditioningsystem an. (mit deutschen Untertiteln)\u003C\/p\u003E\n\u003C\/div\u003E\n                        \u003Cspan class=\u0022read-more-arrow-container\u0022\u003E\n            \u003Cspan class=\u0022read-more-angled-arrow\u0022\u003E \u003C\/span\u003E\n          \u003C\/span\u003E\n                  \u003C\/div\u003E\n    \u003C\/a\u003E\n\u003Ca href=\u0022\/solarparks\/dan-garlin-von-uniper-starker-partner-im-projektgeschaeft\u0022  class=\u0022teaser teaser--standard\u0022 aria-label=\u0022Dan Garlin von Uniper: Starker Partner im Projektgesch\u00e4ft\u0022\u003E\n      \u003Cdiv class=\u0022teaser-content--image\u0022\u003E\n        \u003Cfigure class=\u0022image--figure\u0022\u003E\n        \u003Cpicture\u003E\n                        \u003Csource srcset=\u0022\/sites\/default\/files\/styles\/teaser_standard__m\/public\/aurora\/2024\/07\/375841.jpeg.webp?itok=CTRHmiK0 1x\u0022 media=\u0022(min-width: 48.0625em) and (max-width: 64em)\u0022 type=\u0022image\/webp\u0022 width=\u0022323\u0022 height=\u0022181\u0022\/\u003E\n                  \u003Csource srcset=\u0022\/sites\/default\/files\/styles\/teaser_standard__l\/public\/aurora\/2024\/07\/375841.jpeg.webp?itok=JOZPS6ru 1x\u0022 media=\u0022(min-width: 64.0625em)\u0022 type=\u0022image\/webp\u0022 width=\u0022203\u0022 height=\u0022114\u0022\/\u003E\n                  \u003Csource srcset=\u0022\/sites\/default\/files\/styles\/teaser_standard__m\/public\/aurora\/2024\/07\/375841.jpeg?itok=v17qgXyx 1x\u0022 media=\u0022(min-width: 48.0625em) and (max-width: 64em)\u0022 type=\u0022image\/jpeg\u0022 width=\u0022323\u0022 height=\u0022181\u0022\/\u003E\n                  \u003Csource srcset=\u0022\/sites\/default\/files\/styles\/teaser_standard__l\/public\/aurora\/2024\/07\/375841.jpeg?itok=EFqwaOti 1x\u0022 media=\u0022(min-width: 64.0625em)\u0022 type=\u0022image\/jpeg\u0022 width=\u0022203\u0022 height=\u0022114\u0022\/\u003E\n                          \u003Cimg loading=\u0022eager\u0022 data-caption-hide width=\u0022708\u0022 height=\u0022397\u0022 alt=\u0022Dan Garlin (links) von Uniper ist Experte f\u00fcr das Projektgesch\u00e4ft.\u0022 data-zoomed=\u0022https:\/\/www.photovoltaik.eu\/sites\/default\/files\/styles\/content__zoomed\/public\/aurora\/2024\/07\/375841.jpeg?itok=QG27z-Tu\u0022 src=\u0022\/sites\/default\/files\/styles\/teaser_standard__s\/public\/aurora\/2024\/07\/375841.jpeg?itok=LdpQ9qBK\u0022 title=\u0022\u00a9 Vorsatz Media\u0022 \/\u003E\n\n    \u003C\/picture\u003E\n      \u003Cfigcaption class=\u0022image--figcaption\u0022\u003E\n          \u003Cdiv class=\u0022copyright\u0022\u003EVorsatz Media\u003C\/div\u003E\n          \u003C\/figcaption\u003E\n\u003C\/figure\u003E\n\n\n    \u003C\/div\u003E\n    \u003Cdiv class=\u0022teaser-content\u0022\u003E\n                    \u003Cdiv class=\u0022teaser-content--kicker\u0022\u003E\n                    \n        \u003C\/div\u003E\n                                              \n                        \n        \u003Ch4 class=\u0022teaser-content--headline\u0022\u003E\n                                Dan Garlin von Uniper: Starker Partner im \n                              \u003Cspan class=\u0022headline-last-word-arrow\u0022\u003EProjektgesch\u00e4ft                      \u003C\/span\u003E\n        \u003C\/h4\u003E\n            \u003Cdiv class=\u0022teaser-content--publishing-date\u0022\u003E\u003Ctime datetime=\u00222025-04-18T09:15:00Z\u0022\u003E18.04.2025\u003C\/time\u003E\n\u003C\/div\u003E\u003Cspan class=\u0022teaser-content--publishing-date-divider\u0022\u003E - \u003C\/span\u003E\u003Cdiv class=\u0022teaser-content--body\u0022\u003E\u003Cp\u003EPV Guided Tours: Uniper ist ein starker Partner bei der Finanzierung, Planung und Errichtung von gro\u00dfen Solarparks. Solche Projekte sind alles andere als einfach. Wo liegen die Fallstricke? Was macht eine solide Partnerschaft aus? Das erfahren wir von Dan Garlin, Senior Vice President Renewables EPC \u0026amp; Operations.\u003C\/p\u003E\n\u003C\/div\u003E\n                        \u003Cspan class=\u0022read-more-arrow-container\u0022\u003E\n            \u003Cspan class=\u0022read-more-angled-arrow\u0022\u003E \u003C\/span\u003E\n          \u003C\/span\u003E\n                  \u003C\/div\u003E\n    \u003C\/a\u003E\n\u003Ca href=\u0022\/wechselrichter\/arvid-buerkle-von-kaco-new-energy-neuer-hybridumrichter-fuer-heimanwendungen\u0022  class=\u0022teaser teaser--standard\u0022 aria-label=\u0022Arvid B\u00fcrkle von Kaco New Energy: Neuer Hybridumrichter f\u00fcr Heimanwendungen\u0022\u003E\n      \u003Cdiv class=\u0022teaser-content--image\u0022\u003E\n        \u003Cfigure class=\u0022image--figure\u0022\u003E\n        \u003Cpicture\u003E\n                        \u003Csource srcset=\u0022\/sites\/default\/files\/styles\/teaser_standard__m\/public\/aurora\/2024\/07\/376787.jpeg.webp?itok=8Ap9uJxJ 1x\u0022 media=\u0022(min-width: 48.0625em) and (max-width: 64em)\u0022 type=\u0022image\/webp\u0022 width=\u0022323\u0022 height=\u0022182\u0022\/\u003E\n                  \u003Csource srcset=\u0022\/sites\/default\/files\/styles\/teaser_standard__l\/public\/aurora\/2024\/07\/376787.jpeg.webp?itok=oHLuAJoJ 1x\u0022 media=\u0022(min-width: 64.0625em)\u0022 type=\u0022image\/webp\u0022 width=\u0022203\u0022 height=\u0022114\u0022\/\u003E\n                  \u003Csource srcset=\u0022\/sites\/default\/files\/styles\/teaser_standard__m\/public\/aurora\/2024\/07\/376787.jpeg?itok=5W5EwWW0 1x\u0022 media=\u0022(min-width: 48.0625em) and (max-width: 64em)\u0022 type=\u0022image\/jpeg\u0022 width=\u0022323\u0022 height=\u0022182\u0022\/\u003E\n                  \u003Csource srcset=\u0022\/sites\/default\/files\/styles\/teaser_standard__l\/public\/aurora\/2024\/07\/376787.jpeg?itok=fsjeRwLD 1x\u0022 media=\u0022(min-width: 64.0625em)\u0022 type=\u0022image\/jpeg\u0022 width=\u0022203\u0022 height=\u0022114\u0022\/\u003E\n                          \u003Cimg loading=\u0022eager\u0022 data-caption-hide width=\u0022708\u0022 height=\u0022398\u0022 alt=\u0022Arvid B\u00fcrkle (rechts) zeigt uns die spannenden Neuheiten von Kaco New Energy.\u0022 data-zoomed=\u0022https:\/\/www.photovoltaik.eu\/sites\/default\/files\/styles\/content__zoomed\/public\/aurora\/2024\/07\/376787.jpeg?itok=yYcI9KHP\u0022 src=\u0022\/sites\/default\/files\/styles\/teaser_standard__s\/public\/aurora\/2024\/07\/376787.jpeg?itok=R4VqExyR\u0022 title=\u0022\u00a9 Vorsatz Media\u0022 \/\u003E\n\n    \u003C\/picture\u003E\n      \u003Cfigcaption class=\u0022image--figcaption\u0022\u003E\n          \u003Cdiv class=\u0022copyright\u0022\u003EVorsatz Media\u003C\/div\u003E\n          \u003C\/figcaption\u003E\n\u003C\/figure\u003E\n\n\n    \u003C\/div\u003E\n    \u003Cdiv class=\u0022teaser-content\u0022\u003E\n                    \u003Cdiv class=\u0022teaser-content--kicker\u0022\u003E\n                    \n        \u003C\/div\u003E\n                                              \n                        \n        \u003Ch4 class=\u0022teaser-content--headline\u0022\u003E\n                                Arvid B\u00fcrkle von Kaco New Energy: Neuer Hybridumrichter f\u00fcr \n                              \u003Cspan class=\u0022headline-last-word-arrow\u0022\u003EHeimanwendungen                      \u003C\/span\u003E\n        \u003C\/h4\u003E\n            \u003Cdiv class=\u0022teaser-content--publishing-date\u0022\u003E\u003Ctime datetime=\u00222025-04-17T15:15:00Z\u0022\u003E17.04.2025\u003C\/time\u003E\n\u003C\/div\u003E\u003Cspan class=\u0022teaser-content--publishing-date-divider\u0022\u003E - \u003C\/span\u003E\u003Cdiv class=\u0022teaser-content--body\u0022\u003E\u003Cp\u003EPV Guided Tours: Solaranlagen mit Speicher liegen im Trend. Kaco stellt einen neuen Wechselrichter vor: den Blueplanet hybrid. Mit welchen Speichern er sich kombinieren l\u00e4sst und welche Innovationen im Ger\u00e4t stecken, erfahren Sie im Video.\u003C\/p\u003E\n\u003C\/div\u003E\n                        \u003Cspan class=\u0022read-more-arrow-container\u0022\u003E\n            \u003Cspan class=\u0022read-more-angled-arrow\u0022\u003E \u003C\/span\u003E\n          \u003C\/span\u003E\n                  \u003C\/div\u003E\n    \u003C\/a\u003E\n\u003Ca href=\u0022\/wechselrichter\/maximilian-muennicke-von-huawei-fusionsolar-energiespeicher-fuer-utility-kunden\u0022  class=\u0022teaser teaser--standard\u0022 aria-label=\u0022Maximilian M\u00fcnnicke von Huawei Fusionsolar: Energiespeicher f\u00fcr Utility-Kunden\u0022\u003E\n      \u003Cdiv class=\u0022teaser-content--image\u0022\u003E\n        \u003Cfigure class=\u0022image--figure\u0022\u003E\n        \u003Cpicture\u003E\n                        \u003Csource srcset=\u0022\/sites\/default\/files\/styles\/teaser_standard__m\/public\/aurora\/2024\/08\/375987.jpeg.webp?itok=UEPdTUkx 1x\u0022 media=\u0022(min-width: 48.0625em) and (max-width: 64em)\u0022 type=\u0022image\/webp\u0022 width=\u0022323\u0022 height=\u0022182\u0022\/\u003E\n                  \u003Csource srcset=\u0022\/sites\/default\/files\/styles\/teaser_standard__l\/public\/aurora\/2024\/08\/375987.jpeg.webp?itok=6VhpM6C2 1x\u0022 media=\u0022(min-width: 64.0625em)\u0022 type=\u0022image\/webp\u0022 width=\u0022203\u0022 height=\u0022114\u0022\/\u003E\n                  \u003Csource srcset=\u0022\/sites\/default\/files\/styles\/teaser_standard__m\/public\/aurora\/2024\/08\/375987.jpeg?itok=rTWov6lE 1x\u0022 media=\u0022(min-width: 48.0625em) and (max-width: 64em)\u0022 type=\u0022image\/jpeg\u0022 width=\u0022323\u0022 height=\u0022182\u0022\/\u003E\n                  \u003Csource srcset=\u0022\/sites\/default\/files\/styles\/teaser_standard__l\/public\/aurora\/2024\/08\/375987.jpeg?itok=6UnZRh1X 1x\u0022 media=\u0022(min-width: 64.0625em)\u0022 type=\u0022image\/jpeg\u0022 width=\u0022203\u0022 height=\u0022114\u0022\/\u003E\n                          \u003Cimg loading=\u0022eager\u0022 data-caption-hide width=\u0022708\u0022 height=\u0022398\u0022 alt=\u0022Maximilian M\u00fcnnicke von Huawei Fusionsolar (rechts) ist Experte f\u00fcr Gro\u00dfspeicher.\u0022 data-zoomed=\u0022https:\/\/www.photovoltaik.eu\/sites\/default\/files\/styles\/content__zoomed\/public\/aurora\/2024\/08\/375987.jpeg?itok=PxttMmMC\u0022 src=\u0022\/sites\/default\/files\/styles\/teaser_standard__s\/public\/aurora\/2024\/08\/375987.jpeg?itok=pMnBC5D3\u0022 title=\u0022\u00a9 Vorsatz Media\u0022 \/\u003E\n\n    \u003C\/picture\u003E\n      \u003Cfigcaption class=\u0022image--figcaption\u0022\u003E\n          \u003Cdiv class=\u0022copyright\u0022\u003EVorsatz Media\u003C\/div\u003E\n          \u003C\/figcaption\u003E\n\u003C\/figure\u003E\n\n\n    \u003C\/div\u003E\n    \u003Cdiv class=\u0022teaser-content\u0022\u003E\n                    \u003Cdiv class=\u0022teaser-content--kicker\u0022\u003E\n                    \n        \u003C\/div\u003E\n                                              \n                        \n        \u003Ch4 class=\u0022teaser-content--headline\u0022\u003E\n                                Maximilian M\u00fcnnicke von Huawei Fusionsolar: Energiespeicher f\u00fcr \n                              \u003Cspan class=\u0022headline-last-word-arrow\u0022\u003EUtility-Kunden                      \u003C\/span\u003E\n        \u003C\/h4\u003E\n            \u003Cdiv class=\u0022teaser-content--publishing-date\u0022\u003E\u003Ctime datetime=\u00222025-04-17T08:15:00Z\u0022\u003E17.04.2025\u003C\/time\u003E\n\u003C\/div\u003E\u003Cspan class=\u0022teaser-content--publishing-date-divider\u0022\u003E - \u003C\/span\u003E\u003Cdiv class=\u0022teaser-content--body\u0022\u003E\u003Cp\u003EPV Guided Tours: Gro\u00dfe Batteriespeicher sind immer gefragter. Welche Gesch\u00e4ftsmodelle und Anwendungen lohnen sich besonders? Vertriebsexperte Maximilian M\u00fcnnicke erkl\u00e4rt, wie sich Utility-Projekte mit der innovativen Smart-String-Architektur optimieren und erweitern lassen.\u003C\/p\u003E\n\u003C\/div\u003E\n                        \u003Cspan class=\u0022read-more-arrow-container\u0022\u003E\n            \u003Cspan class=\u0022read-more-angled-arrow\u0022\u003E \u003C\/span\u003E\n          \u003C\/span\u003E\n                  \u003C\/div\u003E\n    \u003C\/a\u003E\n\u003Ca href=\u0022\/solarspeicher\/yassin-mahioui-von-byd-solarspeicher-fuer-ein-neues-energie-oekosystems\u0022  class=\u0022teaser teaser--standard\u0022 aria-label=\u0022Yassin Mahioui von BYD: Solarspeicher f\u00fcr ein neues Energie-\u00d6kosystems  \u0022\u003E\n      \u003Cdiv class=\u0022teaser-content--image\u0022\u003E\n        \u003Cfigure class=\u0022image--figure\u0022\u003E\n        \u003Cpicture\u003E\n                        \u003Csource srcset=\u0022\/sites\/default\/files\/styles\/teaser_standard__m\/public\/aurora\/2024\/07\/375990.jpeg.webp?itok=trgE38Oa 1x\u0022 media=\u0022(min-width: 48.0625em) and (max-width: 64em)\u0022 type=\u0022image\/webp\u0022 width=\u0022323\u0022 height=\u0022181\u0022\/\u003E\n                  \u003Csource srcset=\u0022\/sites\/default\/files\/styles\/teaser_standard__l\/public\/aurora\/2024\/07\/375990.jpeg.webp?itok=axkDs9zH 1x\u0022 media=\u0022(min-width: 64.0625em)\u0022 type=\u0022image\/webp\u0022 width=\u0022203\u0022 height=\u0022114\u0022\/\u003E\n                  \u003Csource srcset=\u0022\/sites\/default\/files\/styles\/teaser_standard__m\/public\/aurora\/2024\/07\/375990.jpeg?itok=jlubuszt 1x\u0022 media=\u0022(min-width: 48.0625em) and (max-width: 64em)\u0022 type=\u0022image\/jpeg\u0022 width=\u0022323\u0022 height=\u0022181\u0022\/\u003E\n                  \u003Csource srcset=\u0022\/sites\/default\/files\/styles\/teaser_standard__l\/public\/aurora\/2024\/07\/375990.jpeg?itok=bVnPg_9N 1x\u0022 media=\u0022(min-width: 64.0625em)\u0022 type=\u0022image\/jpeg\u0022 width=\u0022203\u0022 height=\u0022114\u0022\/\u003E\n                          \u003Cimg alt=\u0022Yassin Mahioui (rechts) pr\u00e4sentiert das neue Portfolio von BYD.\u0022 loading=\u0022eager\u0022 data-caption-hide width=\u0022708\u0022 height=\u0022396\u0022 data-zoomed=\u0022https:\/\/www.photovoltaik.eu\/sites\/default\/files\/styles\/content__zoomed\/public\/aurora\/2024\/07\/375990.jpeg?itok=DCby9Njs\u0022 src=\u0022\/sites\/default\/files\/styles\/teaser_standard__s\/public\/aurora\/2024\/07\/375990.jpeg?itok=xRhfWW10\u0022 title=\u0022\u00a9 Vorsatz Media\u0022 \/\u003E\n\n    \u003C\/picture\u003E\n      \u003Cfigcaption class=\u0022image--figcaption\u0022\u003E\n          \u003Cdiv class=\u0022copyright\u0022\u003EVorsatz Media\u003C\/div\u003E\n          \u003C\/figcaption\u003E\n\u003C\/figure\u003E\n\n\n    \u003C\/div\u003E\n    \u003Cdiv class=\u0022teaser-content\u0022\u003E\n                    \u003Cdiv class=\u0022teaser-content--kicker\u0022\u003E\n                    \n        \u003C\/div\u003E\n                                              \n                        \n        \u003Ch4 class=\u0022teaser-content--headline\u0022\u003E\n                                Yassin Mahioui von BYD: Solarspeicher f\u00fcr ein neues \n                              \u003Cspan class=\u0022headline-last-word-arrow\u0022\u003EEnergie-\u00d6kosystems                      \u003C\/span\u003E\n        \u003C\/h4\u003E\n            \u003Cdiv class=\u0022teaser-content--publishing-date\u0022\u003E\u003Ctime datetime=\u00222025-04-15T12:00:00Z\u0022\u003E15.04.2025\u003C\/time\u003E\n\u003C\/div\u003E\u003Cspan class=\u0022teaser-content--publishing-date-divider\u0022\u003E - \u003C\/span\u003E\u003Cdiv class=\u0022teaser-content--body\u0022\u003E\u003Cp\u003EPV Guided Tours: Die beliebte Battery Box wird Teil eines neuen Energie-\u00d6kosystems von BYD. Sein Ziel ist es, den CO2-Aussto\u00df zu senken. Dazu geh\u00f6ren Heim- und Gewerbespeicher sowie Einbindung von Elektroautos. Wie das genau aussieht, das erfahren Sie im Video.\u003C\/p\u003E\n\u003C\/div\u003E\n                        \u003Cspan class=\u0022read-more-arrow-container\u0022\u003E\n            \u003Cspan class=\u0022read-more-angled-arrow\u0022\u003E \u003C\/span\u003E\n          \u003C\/span\u003E\n                  \u003C\/div\u003E\n    \u003C\/a\u003E\n\u003Ca href=\u0022\/montage\/ludwig-schletter-von-sl-rack-wir-sind-partner-der-installateure\u0022  class=\u0022teaser teaser--standard\u0022 aria-label=\u0022Ludwig Schletter von SL Rack: Wir sind Partner der Installateure\u0022\u003E\n      \u003Cdiv class=\u0022teaser-content--image\u0022\u003E\n        \u003Cfigure class=\u0022image--figure\u0022\u003E\n        \u003Cpicture\u003E\n                        \u003Csource srcset=\u0022\/sites\/default\/files\/styles\/teaser_standard__m\/public\/aurora\/2024\/07\/375617.jpeg.webp?itok=jfmKApEX 1x\u0022 media=\u0022(min-width: 48.0625em) and (max-width: 64em)\u0022 type=\u0022image\/webp\u0022 width=\u0022323\u0022 height=\u0022181\u0022\/\u003E\n                  \u003Csource srcset=\u0022\/sites\/default\/files\/styles\/teaser_standard__l\/public\/aurora\/2024\/07\/375617.jpeg.webp?itok=qYqaA2sY 1x\u0022 media=\u0022(min-width: 64.0625em)\u0022 type=\u0022image\/webp\u0022 width=\u0022203\u0022 height=\u0022114\u0022\/\u003E\n                  \u003Csource srcset=\u0022\/sites\/default\/files\/styles\/teaser_standard__m\/public\/aurora\/2024\/07\/375617.jpeg?itok=rjyWcn34 1x\u0022 media=\u0022(min-width: 48.0625em) and (max-width: 64em)\u0022 type=\u0022image\/jpeg\u0022 width=\u0022323\u0022 height=\u0022181\u0022\/\u003E\n                  \u003Csource srcset=\u0022\/sites\/default\/files\/styles\/teaser_standard__l\/public\/aurora\/2024\/07\/375617.jpeg?itok=Y5TLNK2D 1x\u0022 media=\u0022(min-width: 64.0625em)\u0022 type=\u0022image\/jpeg\u0022 width=\u0022203\u0022 height=\u0022114\u0022\/\u003E\n                          \u003Cimg loading=\u0022eager\u0022 data-caption-hide width=\u0022708\u0022 height=\u0022396\u0022 alt=\u0022Ludwig Schletter (links) f\u00fchrt die Gesch\u00e4fte von SL Rack.\u0022 data-zoomed=\u0022https:\/\/www.photovoltaik.eu\/sites\/default\/files\/styles\/content__zoomed\/public\/aurora\/2024\/07\/375617.jpeg?itok=B2XYERzQ\u0022 src=\u0022\/sites\/default\/files\/styles\/teaser_standard__s\/public\/aurora\/2024\/07\/375617.jpeg?itok=osb70PvO\u0022 title=\u0022\u00a9 Vorsatz Media\u0022 \/\u003E\n\n    \u003C\/picture\u003E\n      \u003Cfigcaption class=\u0022image--figcaption\u0022\u003E\n          \u003Cdiv class=\u0022copyright\u0022\u003EVorsatz Media\u003C\/div\u003E\n          \u003C\/figcaption\u003E\n\u003C\/figure\u003E\n\n\n    \u003C\/div\u003E\n    \u003Cdiv class=\u0022teaser-content\u0022\u003E\n                    \u003Cdiv class=\u0022teaser-content--kicker\u0022\u003E\n                    \n        \u003C\/div\u003E\n                                              \n                        \n        \u003Ch4 class=\u0022teaser-content--headline\u0022\u003E\n                                Ludwig Schletter von SL Rack: Wir sind Partner der \n                              \u003Cspan class=\u0022headline-last-word-arrow\u0022\u003EInstallateure                      \u003C\/span\u003E\n        \u003C\/h4\u003E\n            \u003Cdiv class=\u0022teaser-content--publishing-date\u0022\u003E\u003Ctime datetime=\u00222025-04-15T08:00:00Z\u0022\u003E15.04.2025\u003C\/time\u003E\n\u003C\/div\u003E\u003Cspan class=\u0022teaser-content--publishing-date-divider\u0022\u003E - \u003C\/span\u003E\u003Cdiv class=\u0022teaser-content--body\u0022\u003E\u003Cp\u003ECEO Talk: Die Nachfrage nach Montagetechnik f\u00fcr Solard\u00e4cher ist verhalten, aber die Anspr\u00fcche an Verf\u00fcgbarkeit und Qualit\u00e4t sehr hoch. Wie die Anbieter reagieren und welche Hoffnungen auf dem Solarpaket ruhen, das erfahren wir von Ludwig Schletter, CEO von SL Rack.\u003C\/p\u003E\n\u003C\/div\u003E\n                        \u003Cspan class=\u0022read-more-arrow-container\u0022\u003E\n            \u003Cspan class=\u0022read-more-angled-arrow\u0022\u003E \u003C\/span\u003E\n          \u003C\/span\u003E\n                  \u003C\/div\u003E\n    \u003C\/a\u003E\n\u003Ca href=\u0022\/solarspeicher\/sven-albersmeier-braun-von-sigenergy-ki-im-energiemanagement\u0022  class=\u0022teaser teaser--standard\u0022 aria-label=\u0022Sven Albersmeier-Braun von Sigenergy: KI im Energiemanagement\u0022\u003E\n      \u003Cdiv class=\u0022teaser-content--image\u0022\u003E\n        \u003Cfigure class=\u0022image--figure\u0022\u003E\n        \u003Cpicture\u003E\n                        \u003Csource srcset=\u0022\/sites\/default\/files\/styles\/teaser_standard__m\/public\/aurora\/2024\/07\/375651.jpeg.webp?itok=iRMcsrad 1x\u0022 media=\u0022(min-width: 48.0625em) and (max-width: 64em)\u0022 type=\u0022image\/webp\u0022 width=\u0022323\u0022 height=\u0022181\u0022\/\u003E\n                  \u003Csource srcset=\u0022\/sites\/default\/files\/styles\/teaser_standard__l\/public\/aurora\/2024\/07\/375651.jpeg.webp?itok=S11gRfwC 1x\u0022 media=\u0022(min-width: 64.0625em)\u0022 type=\u0022image\/webp\u0022 width=\u0022203\u0022 height=\u0022114\u0022\/\u003E\n                  \u003Csource srcset=\u0022\/sites\/default\/files\/styles\/teaser_standard__m\/public\/aurora\/2024\/07\/375651.jpeg?itok=F8fGgYT4 1x\u0022 media=\u0022(min-width: 48.0625em) and (max-width: 64em)\u0022 type=\u0022image\/jpeg\u0022 width=\u0022323\u0022 height=\u0022181\u0022\/\u003E\n                  \u003Csource srcset=\u0022\/sites\/default\/files\/styles\/teaser_standard__l\/public\/aurora\/2024\/07\/375651.jpeg?itok=-666gfGw 1x\u0022 media=\u0022(min-width: 64.0625em)\u0022 type=\u0022image\/jpeg\u0022 width=\u0022203\u0022 height=\u0022114\u0022\/\u003E\n                          \u003Cimg alt=\u0022Sven Albersmeier-Braun ist Fachmann f\u00fcr Energiemanagement bei  Sigenergy.\u0022 loading=\u0022eager\u0022 data-caption-hide width=\u0022708\u0022 height=\u0022396\u0022 data-zoomed=\u0022https:\/\/www.photovoltaik.eu\/sites\/default\/files\/styles\/content__zoomed\/public\/aurora\/2024\/07\/375651.jpeg?itok=7GESDU0G\u0022 src=\u0022\/sites\/default\/files\/styles\/teaser_standard__s\/public\/aurora\/2024\/07\/375651.jpeg?itok=P9sAC2-8\u0022 title=\u0022\u00a9 Vorsatz Media\u0022 \/\u003E\n\n    \u003C\/picture\u003E\n      \u003Cfigcaption class=\u0022image--figcaption\u0022\u003E\n          \u003Cdiv class=\u0022copyright\u0022\u003EVorsatz Media\u003C\/div\u003E\n          \u003C\/figcaption\u003E\n\u003C\/figure\u003E\n\n\n    \u003C\/div\u003E\n    \u003Cdiv class=\u0022teaser-content\u0022\u003E\n                    \u003Cdiv class=\u0022teaser-content--kicker\u0022\u003E\n                    \n        \u003C\/div\u003E\n                                              \n                        \n        \u003Ch4 class=\u0022teaser-content--headline\u0022\u003E\n                                Sven Albersmeier-Braun von Sigenergy: KI im \n                              \u003Cspan class=\u0022headline-last-word-arrow\u0022\u003EEnergiemanagement                      \u003C\/span\u003E\n        \u003C\/h4\u003E\n            \u003Cdiv class=\u0022teaser-content--publishing-date\u0022\u003E\u003Ctime datetime=\u00222025-03-18T09:00:00Z\u0022\u003E18.03.2025\u003C\/time\u003E\n\u003C\/div\u003E\u003Cspan class=\u0022teaser-content--publishing-date-divider\u0022\u003E - \u003C\/span\u003E\u003Cdiv class=\u0022teaser-content--body\u0022\u003E\u003Cp\u003EPV Guided Tours: Speicher und Energiemanagementsysteme, kurz EMS, sind der Schl\u00fcssel zu mehr Eigenverbrauch von Solarstrom, g\u00fcnstigem Strom aus dem Netz und weniger Spitzenlasten in Gewerbe und Industrie. Sigenergy setzt in seinen EMS auf KI, um Verbrauch und Erzeugung noch besser in Einklang zu bringen.\u003C\/p\u003E\n\u003C\/div\u003E\n                        \u003Cspan class=\u0022read-more-arrow-container\u0022\u003E\n            \u003Cspan class=\u0022read-more-angled-arrow\u0022\u003E \u003C\/span\u003E\n          \u003C\/span\u003E\n                  \u003C\/div\u003E\n    \u003C\/a\u003E\n\u003Ca href=\u0022\/solarspeicher\/franz-josef-feilmeier-von-fenecon-mehr-speicher-fuers-gewerbe\u0022  class=\u0022teaser teaser--standard\u0022 aria-label=\u0022Franz-Josef Feilmeier von Fenecon: Mehr Speicher f\u00fcrs Gewerbe\u0022\u003E\n      \u003Cdiv class=\u0022teaser-content--image\u0022\u003E\n        \u003Cfigure class=\u0022image--figure\u0022\u003E\n        \u003Cpicture\u003E\n                        \u003Csource srcset=\u0022\/sites\/default\/files\/styles\/teaser_standard__m\/public\/aurora\/2024\/07\/375543.jpeg.webp?itok=F38o8dX6 1x\u0022 media=\u0022(min-width: 48.0625em) and (max-width: 64em)\u0022 type=\u0022image\/webp\u0022 width=\u0022323\u0022 height=\u0022181\u0022\/\u003E\n                  \u003Csource srcset=\u0022\/sites\/default\/files\/styles\/teaser_standard__l\/public\/aurora\/2024\/07\/375543.jpeg.webp?itok=AAL_S60L 1x\u0022 media=\u0022(min-width: 64.0625em)\u0022 type=\u0022image\/webp\u0022 width=\u0022203\u0022 height=\u0022114\u0022\/\u003E\n                  \u003Csource srcset=\u0022\/sites\/default\/files\/styles\/teaser_standard__m\/public\/aurora\/2024\/07\/375543.jpeg?itok=koCdD0D0 1x\u0022 media=\u0022(min-width: 48.0625em) and (max-width: 64em)\u0022 type=\u0022image\/jpeg\u0022 width=\u0022323\u0022 height=\u0022181\u0022\/\u003E\n                  \u003Csource srcset=\u0022\/sites\/default\/files\/styles\/teaser_standard__l\/public\/aurora\/2024\/07\/375543.jpeg?itok=GuLC3QW9 1x\u0022 media=\u0022(min-width: 64.0625em)\u0022 type=\u0022image\/jpeg\u0022 width=\u0022203\u0022 height=\u0022114\u0022\/\u003E\n                          \u003Cimg alt=\u0022Franz-Josef Feilmeier ist Gr\u00fcnder und CEO von Fenecon.\u0022 loading=\u0022eager\u0022 data-caption-hide width=\u0022708\u0022 height=\u0022398\u0022 data-zoomed=\u0022https:\/\/www.photovoltaik.eu\/sites\/default\/files\/styles\/content__zoomed\/public\/aurora\/2024\/07\/375543.jpeg?itok=bET5nWsd\u0022 src=\u0022\/sites\/default\/files\/styles\/teaser_standard__s\/public\/aurora\/2024\/07\/375543.jpeg?itok=1dZshD4U\u0022 title=\u0022\u00a9 Vorsatz Media\u0022 \/\u003E\n\n    \u003C\/picture\u003E\n      \u003Cfigcaption class=\u0022image--figcaption\u0022\u003E\n          \u003Cdiv class=\u0022copyright\u0022\u003EVorsatz Media\u003C\/div\u003E\n          \u003C\/figcaption\u003E\n\u003C\/figure\u003E\n\n\n    \u003C\/div\u003E\n    \u003Cdiv class=\u0022teaser-content\u0022\u003E\n                    \u003Cdiv class=\u0022teaser-content--kicker\u0022\u003E\n                    \n        \u003C\/div\u003E\n                                              \n                        \n        \u003Ch4 class=\u0022teaser-content--headline\u0022\u003E\n                                Franz-Josef Feilmeier von Fenecon: Mehr Speicher f\u00fcrs \n                              \u003Cspan class=\u0022headline-last-word-arrow\u0022\u003EGewerbe                      \u003C\/span\u003E\n        \u003C\/h4\u003E\n            \u003Cdiv class=\u0022teaser-content--publishing-date\u0022\u003E\u003Ctime datetime=\u00222025-03-17T15:30:00Z\u0022\u003E17.03.2025\u003C\/time\u003E\n\u003C\/div\u003E\u003Cspan class=\u0022teaser-content--publishing-date-divider\u0022\u003E - \u003C\/span\u003E\u003Cdiv class=\u0022teaser-content--body\u0022\u003E\u003Cp\u003ECEO Talk: Der Bedarf an Zellen und Batterien f\u00fcr gewerbliche und Industriespeicher w\u00e4chst, ebenso die Anspr\u00fcche an Funktionalit\u00e4t, Sicherheit und m\u00f6glichst einfache Montage. Wohin die Reise geht, erfahren wir von Franz-Josef Feilmeier von Fenecon.\u003C\/p\u003E\n\u003C\/div\u003E\n                        \u003Cspan class=\u0022read-more-arrow-container\u0022\u003E\n            \u003Cspan class=\u0022read-more-angled-arrow\u0022\u003E \u003C\/span\u003E\n          \u003C\/span\u003E\n                  \u003C\/div\u003E\n    \u003C\/a\u003E\n\u003Ca href=\u0022\/solarspeicher\/fidan-simnica-von-ecoflow-innovationen-fuer-die-solarmontage\u0022  class=\u0022teaser teaser--standard\u0022 aria-label=\u0022Fidan Simnica von Ecoflow: Innovationen f\u00fcr die Solarmontage\u0022\u003E\n      \u003Cdiv class=\u0022teaser-content--image\u0022\u003E\n        \u003Cfigure class=\u0022image--figure\u0022\u003E\n        \u003Cpicture\u003E\n                        \u003Csource srcset=\u0022\/sites\/default\/files\/styles\/teaser_standard__m\/public\/aurora\/2024\/07\/375654.jpeg.webp?itok=AJf9NXrQ 1x\u0022 media=\u0022(min-width: 48.0625em) and (max-width: 64em)\u0022 type=\u0022image\/webp\u0022 width=\u0022323\u0022 height=\u0022181\u0022\/\u003E\n                  \u003Csource srcset=\u0022\/sites\/default\/files\/styles\/teaser_standard__l\/public\/aurora\/2024\/07\/375654.jpeg.webp?itok=XrQo1r2p 1x\u0022 media=\u0022(min-width: 64.0625em)\u0022 type=\u0022image\/webp\u0022 width=\u0022203\u0022 height=\u0022114\u0022\/\u003E\n                  \u003Csource srcset=\u0022\/sites\/default\/files\/styles\/teaser_standard__m\/public\/aurora\/2024\/07\/375654.jpeg?itok=1OuZzhhr 1x\u0022 media=\u0022(min-width: 48.0625em) and (max-width: 64em)\u0022 type=\u0022image\/jpeg\u0022 width=\u0022323\u0022 height=\u0022181\u0022\/\u003E\n                  \u003Csource srcset=\u0022\/sites\/default\/files\/styles\/teaser_standard__l\/public\/aurora\/2024\/07\/375654.jpeg?itok=bsn5NGxT 1x\u0022 media=\u0022(min-width: 64.0625em)\u0022 type=\u0022image\/jpeg\u0022 width=\u0022203\u0022 height=\u0022114\u0022\/\u003E\n                          \u003Cimg alt=\u0022Fidan Simnica ber\u00e4t Privatkunden zu den Energiel\u00f6sungen von Ecoflow.\u0022 loading=\u0022eager\u0022 data-caption-hide width=\u0022708\u0022 height=\u0022396\u0022 data-zoomed=\u0022https:\/\/www.photovoltaik.eu\/sites\/default\/files\/styles\/content__zoomed\/public\/aurora\/2024\/07\/375654.jpeg?itok=LzPzvTcU\u0022 src=\u0022\/sites\/default\/files\/styles\/teaser_standard__s\/public\/aurora\/2024\/07\/375654.jpeg?itok=_pscXef3\u0022 title=\u0022\u00a9 Vorsatz Media\u0022 \/\u003E\n\n    \u003C\/picture\u003E\n      \u003Cfigcaption class=\u0022image--figcaption\u0022\u003E\n          \u003Cdiv class=\u0022copyright\u0022\u003EVorsatz Media\u003C\/div\u003E\n          \u003C\/figcaption\u003E\n\u003C\/figure\u003E\n\n\n    \u003C\/div\u003E\n    \u003Cdiv class=\u0022teaser-content\u0022\u003E\n                    \u003Cdiv class=\u0022teaser-content--kicker\u0022\u003E\n                    \n        \u003C\/div\u003E\n                                              \n                        \n        \u003Ch4 class=\u0022teaser-content--headline\u0022\u003E\n                                Fidan Simnica von Ecoflow: Innovationen f\u00fcr die \n                              \u003Cspan class=\u0022headline-last-word-arrow\u0022\u003ESolarmontage                      \u003C\/span\u003E\n        \u003C\/h4\u003E\n            \u003Cdiv class=\u0022teaser-content--publishing-date\u0022\u003E\u003Ctime datetime=\u00222025-03-17T11:00:00Z\u0022\u003E17.03.2025\u003C\/time\u003E\n\u003C\/div\u003E\u003Cspan class=\u0022teaser-content--publishing-date-divider\u0022\u003E - \u003C\/span\u003E\u003Cdiv class=\u0022teaser-content--body\u0022\u003E\u003Cp\u003EPV Guided Tours: Das Ecosystem von Ecoflow bietet innovatives Energiemanagement f\u00fcrs Eigenheim. Es dirigiert Batteriespeicher, Heizsystem und Wallbox ganz im Sinne des Nutzers. Fidan Simnica ist Berater f\u00fcr Privathaushalte bei Ecoflow. Er stellt die wichtigsten Komponenten des Systems und die neue Ecoflow Pro App f\u00fcr Profis vor.\u003C\/p\u003E\n\u003C\/div\u003E\n                        \u003Cspan class=\u0022read-more-arrow-container\u0022\u003E\n            \u003Cspan class=\u0022read-more-angled-arrow\u0022\u003E \u003C\/span\u003E\n          \u003C\/span\u003E\n                  \u003C\/div\u003E\n    \u003C\/a\u003E\n\u003Ca href=\u0022\/wechselrichter\/guluma-megersa-von-huawei-sichere-systemloesung-fuer-gewerbe-industrie\u0022  class=\u0022teaser teaser--standard\u0022 aria-label=\u0022Guluma Megersa von Huawei: Sichere Systeml\u00f6sung f\u00fcr Gewerbe \u0026amp; Industrie\u0022\u003E\n      \u003Cdiv class=\u0022teaser-content--image\u0022\u003E\n        \u003Cfigure class=\u0022image--figure\u0022\u003E\n        \u003Cpicture\u003E\n                        \u003Csource srcset=\u0022\/sites\/default\/files\/styles\/teaser_standard__m\/public\/aurora\/2024\/07\/376829.jpeg.webp?itok=X9QabP9n 1x\u0022 media=\u0022(min-width: 48.0625em) and (max-width: 64em)\u0022 type=\u0022image\/webp\u0022 width=\u0022323\u0022 height=\u0022182\u0022\/\u003E\n                  \u003Csource srcset=\u0022\/sites\/default\/files\/styles\/teaser_standard__l\/public\/aurora\/2024\/07\/376829.jpeg.webp?itok=Xlp5luJp 1x\u0022 media=\u0022(min-width: 64.0625em)\u0022 type=\u0022image\/webp\u0022 width=\u0022203\u0022 height=\u0022114\u0022\/\u003E\n                  \u003Csource srcset=\u0022\/sites\/default\/files\/styles\/teaser_standard__m\/public\/aurora\/2024\/07\/376829.jpeg?itok=w5JSR_qT 1x\u0022 media=\u0022(min-width: 48.0625em) and (max-width: 64em)\u0022 type=\u0022image\/jpeg\u0022 width=\u0022323\u0022 height=\u0022182\u0022\/\u003E\n                  \u003Csource srcset=\u0022\/sites\/default\/files\/styles\/teaser_standard__l\/public\/aurora\/2024\/07\/376829.jpeg?itok=xJ8nJqy2 1x\u0022 media=\u0022(min-width: 64.0625em)\u0022 type=\u0022image\/jpeg\u0022 width=\u0022203\u0022 height=\u0022114\u0022\/\u003E\n                          \u003Cimg loading=\u0022eager\u0022 data-caption-hide width=\u0022708\u0022 height=\u0022398\u0022 alt=\u0022Guluma Megersa von Huawei erl\u00e4utert die hohen Anspr\u00fcche an die Sicherheit der Technik.\u0022 data-zoomed=\u0022https:\/\/www.photovoltaik.eu\/sites\/default\/files\/styles\/content__zoomed\/public\/aurora\/2024\/07\/376829.jpeg?itok=0JcPBSsA\u0022 src=\u0022\/sites\/default\/files\/styles\/teaser_standard__s\/public\/aurora\/2024\/07\/376829.jpeg?itok=s7p_u_sp\u0022 title=\u0022\u00a9 Vorsatz Media\u0022 \/\u003E\n\n    \u003C\/picture\u003E\n      \u003Cfigcaption class=\u0022image--figcaption\u0022\u003E\n          \u003Cdiv class=\u0022copyright\u0022\u003EVorsatz Media\u003C\/div\u003E\n          \u003C\/figcaption\u003E\n\u003C\/figure\u003E\n\n\n    \u003C\/div\u003E\n    \u003Cdiv class=\u0022teaser-content\u0022\u003E\n                    \u003Cdiv class=\u0022teaser-content--kicker\u0022\u003E\n                    \n        \u003C\/div\u003E\n                                              \n                        \n        \u003Ch4 class=\u0022teaser-content--headline\u0022\u003E\n                                Guluma Megersa von Huawei: Sichere Systeml\u00f6sung f\u00fcr Gewerbe \u0026amp; \n                              \u003Cspan class=\u0022headline-last-word-arrow\u0022\u003EIndustrie                      \u003C\/span\u003E\n        \u003C\/h4\u003E\n            \u003Cdiv class=\u0022teaser-content--publishing-date\u0022\u003E\u003Ctime datetime=\u00222025-03-14T09:00:00Z\u0022\u003E14.03.2025\u003C\/time\u003E\n\u003C\/div\u003E\u003Cspan class=\u0022teaser-content--publishing-date-divider\u0022\u003E - \u003C\/span\u003E\u003Cdiv class=\u0022teaser-content--body\u0022\u003E\u003Cp\u003EPV Guided Tours: Sicherheit und Wirtschaftlichkeit stehen bei Huawei an erster Stelle. So kombinieren die neuen C\u0026amp;I-Wechselrichter Sun5000 das RSD mit AFCI, sch\u00fctzen somit Investitionen und Betriebspersonal. Druckentl\u00fcftung und integrierter Brandschutz sind weitere Merkmale h\u00f6chster Sicherheit.\u003C\/p\u003E\n\u003C\/div\u003E\n                        \u003Cspan class=\u0022read-more-arrow-container\u0022\u003E\n            \u003Cspan class=\u0022read-more-angled-arrow\u0022\u003E \u003C\/span\u003E\n          \u003C\/span\u003E\n                  \u003C\/div\u003E\n    \u003C\/a\u003E\n\u003Ca href=\u0022\/solarmodule\/christian-peter-von-aiko-mehr-als-ein-kilowatt-mit-nur-zwei-modulen\u0022  class=\u0022teaser teaser--standard\u0022 aria-label=\u0022Christian Peter von Aiko: Mehr als ein Kilowatt mit nur zwei Modulen\u0022\u003E\n      \u003Cdiv class=\u0022teaser-content--image\u0022\u003E\n        \u003Cfigure class=\u0022image--figure\u0022\u003E\n        \u003Cpicture\u003E\n                        \u003Csource srcset=\u0022\/sites\/default\/files\/styles\/teaser_standard__m\/public\/aurora\/2024\/07\/375550.jpeg.webp?itok=4NYKLJi0 1x\u0022 media=\u0022(min-width: 48.0625em) and (max-width: 64em)\u0022 type=\u0022image\/webp\u0022 width=\u0022323\u0022 height=\u0022184\u0022\/\u003E\n                  \u003Csource srcset=\u0022\/sites\/default\/files\/styles\/teaser_standard__l\/public\/aurora\/2024\/07\/375550.jpeg.webp?itok=St6_BsGJ 1x\u0022 media=\u0022(min-width: 64.0625em)\u0022 type=\u0022image\/webp\u0022 width=\u0022203\u0022 height=\u0022116\u0022\/\u003E\n                  \u003Csource srcset=\u0022\/sites\/default\/files\/styles\/teaser_standard__m\/public\/aurora\/2024\/07\/375550.jpeg?itok=XVHMBvrs 1x\u0022 media=\u0022(min-width: 48.0625em) and (max-width: 64em)\u0022 type=\u0022image\/jpeg\u0022 width=\u0022323\u0022 height=\u0022184\u0022\/\u003E\n                  \u003Csource srcset=\u0022\/sites\/default\/files\/styles\/teaser_standard__l\/public\/aurora\/2024\/07\/375550.jpeg?itok=0hsiTVls 1x\u0022 media=\u0022(min-width: 64.0625em)\u0022 type=\u0022image\/jpeg\u0022 width=\u0022203\u0022 height=\u0022116\u0022\/\u003E\n                          \u003Cimg loading=\u0022eager\u0022 data-caption-hide width=\u0022699\u0022 height=\u0022398\u0022 alt=\u0022Christian Peter (rechts) leitet das das Solarlab Europe von Aiko.\u0022 data-zoomed=\u0022https:\/\/www.photovoltaik.eu\/sites\/default\/files\/styles\/content__zoomed\/public\/aurora\/2024\/07\/375550.jpeg?itok=tNhon7Nt\u0022 src=\u0022\/sites\/default\/files\/styles\/teaser_standard__s\/public\/aurora\/2024\/07\/375550.jpeg?itok=MCzJMtZC\u0022 title=\u0022\u00a9 Vorsatz Media\u0022 \/\u003E\n\n    \u003C\/picture\u003E\n      \u003Cfigcaption class=\u0022image--figcaption\u0022\u003E\n          \u003Cdiv class=\u0022copyright\u0022\u003EVorsatz Media\u003C\/div\u003E\n          \u003C\/figcaption\u003E\n\u003C\/figure\u003E\n\n\n    \u003C\/div\u003E\n    \u003Cdiv class=\u0022teaser-content\u0022\u003E\n                    \u003Cdiv class=\u0022teaser-content--kicker\u0022\u003E\n                    \n        \u003C\/div\u003E\n                                              \n                        \n        \u003Ch4 class=\u0022teaser-content--headline\u0022\u003E\n                                Christian Peter von Aiko: Mehr als ein Kilowatt mit nur zwei \n                              \u003Cspan class=\u0022headline-last-word-arrow\u0022\u003EModulen                      \u003C\/span\u003E\n        \u003C\/h4\u003E\n            \u003Cdiv class=\u0022teaser-content--publishing-date\u0022\u003E\u003Ctime datetime=\u00222025-03-13T09:00:00Z\u0022\u003E13.03.2025\u003C\/time\u003E\n\u003C\/div\u003E\u003Cspan class=\u0022teaser-content--publishing-date-divider\u0022\u003E - \u003C\/span\u003E\u003Cdiv class=\u0022teaser-content--body\u0022\u003E\u003Cp\u003EPV Guided Tours: Solarmodule werden gr\u00f6\u00dfer. Hohe Leistung ist nicht nur ein Ergebnis des Wachstums, sondern der gestiegenen Effizienz. Welche Technologien erfolgreich sind,\u0026nbsp; wei\u00df Christian Peter, Leiter des Solarlab Aiko Europe.\u003C\/p\u003E\n\u003C\/div\u003E\n                        \u003Cspan class=\u0022read-more-arrow-container\u0022\u003E\n            \u003Cspan class=\u0022read-more-angled-arrow\u0022\u003E \u003C\/span\u003E\n          \u003C\/span\u003E\n                  \u003C\/div\u003E\n    \u003C\/a\u003E\n\u003Ca href=\u0022\/solarspeicher\/claudio-moretti-von-a123-systems-sichere-versorgung-fuer-microgrids\u0022  class=\u0022teaser teaser--standard\u0022 aria-label=\u0022Claudio Moretti von A123 Systems: Sichere Versorgung f\u00fcr Microgrids\u0022\u003E\n      \u003Cdiv class=\u0022teaser-content--image\u0022\u003E\n        \u003Cfigure class=\u0022image--figure\u0022\u003E\n        \u003Cpicture\u003E\n                        \u003Csource srcset=\u0022\/sites\/default\/files\/styles\/teaser_standard__m\/public\/aurora\/2024\/07\/378810.jpeg.webp?itok=NpndXvfb 1x\u0022 media=\u0022(min-width: 48.0625em) and (max-width: 64em)\u0022 type=\u0022image\/webp\u0022 width=\u0022323\u0022 height=\u0022182\u0022\/\u003E\n                  \u003Csource srcset=\u0022\/sites\/default\/files\/styles\/teaser_standard__l\/public\/aurora\/2024\/07\/378810.jpeg.webp?itok=CfWL6HLO 1x\u0022 media=\u0022(min-width: 64.0625em)\u0022 type=\u0022image\/webp\u0022 width=\u0022203\u0022 height=\u0022114\u0022\/\u003E\n                  \u003Csource srcset=\u0022\/sites\/default\/files\/styles\/teaser_standard__m\/public\/aurora\/2024\/07\/378810.jpeg?itok=0y0dlWDL 1x\u0022 media=\u0022(min-width: 48.0625em) and (max-width: 64em)\u0022 type=\u0022image\/jpeg\u0022 width=\u0022323\u0022 height=\u0022182\u0022\/\u003E\n                  \u003Csource srcset=\u0022\/sites\/default\/files\/styles\/teaser_standard__l\/public\/aurora\/2024\/07\/378810.jpeg?itok=wM9kDPN2 1x\u0022 media=\u0022(min-width: 64.0625em)\u0022 type=\u0022image\/jpeg\u0022 width=\u0022203\u0022 height=\u0022114\u0022\/\u003E\n                          \u003Cimg loading=\u0022eager\u0022 data-caption-hide width=\u0022708\u0022 height=\u0022398\u0022 alt=\u0022Claudio Moretti von A123 Systems erl\u00e4utert die sichere Versorgung von Gewerbekunden in Microgrids.\u0022 data-zoomed=\u0022https:\/\/www.photovoltaik.eu\/sites\/default\/files\/styles\/content__zoomed\/public\/aurora\/2024\/07\/378810.jpeg?itok=v5wEzSwn\u0022 src=\u0022\/sites\/default\/files\/styles\/teaser_standard__s\/public\/aurora\/2024\/07\/378810.jpeg?itok=lJA_hYOE\u0022 title=\u0022\u00a9 Vorsatz Media\u0022 \/\u003E\n\n    \u003C\/picture\u003E\n      \u003Cfigcaption class=\u0022image--figcaption\u0022\u003E\n          \u003Cdiv class=\u0022copyright\u0022\u003EVorsatz Media\u003C\/div\u003E\n          \u003C\/figcaption\u003E\n\u003C\/figure\u003E\n\n\n    \u003C\/div\u003E\n    \u003Cdiv class=\u0022teaser-content\u0022\u003E\n                    \u003Cdiv class=\u0022teaser-content--kicker\u0022\u003E\n                    \n        \u003C\/div\u003E\n                                              \n                        \n        \u003Ch4 class=\u0022teaser-content--headline\u0022\u003E\n                                Claudio Moretti von A123 Systems: Sichere Versorgung f\u00fcr \n                              \u003Cspan class=\u0022headline-last-word-arrow\u0022\u003EMicrogrids                      \u003C\/span\u003E\n        \u003C\/h4\u003E\n            \u003Cdiv class=\u0022teaser-content--publishing-date\u0022\u003E\u003Ctime datetime=\u00222025-03-12T09:00:00Z\u0022\u003E12.03.2025\u003C\/time\u003E\n\u003C\/div\u003E\u003Cspan class=\u0022teaser-content--publishing-date-divider\u0022\u003E - \u003C\/span\u003E\u003Cdiv class=\u0022teaser-content--body\u0022\u003E\u003Cp\u003EPV Guided Tours: Der A Power I 800 ist ein wassergek\u00fchlter Lithium-Ionen-Batteriespeicher mit 836 Kilowattstunden Kapazit\u00e4t. Er kann neben Peak und Energy Shifting und Frequenzregelung auch Microgrids kontinuierlich mit Solarstrom versorgen. Alle Details sehen Sie im Video!\u003C\/p\u003E\n\u003C\/div\u003E\n                        \u003Cspan class=\u0022read-more-arrow-container\u0022\u003E\n            \u003Cspan class=\u0022read-more-angled-arrow\u0022\u003E \u003C\/span\u003E\n          \u003C\/span\u003E\n                  \u003C\/div\u003E\n    \u003C\/a\u003E\n\u003Ca href=\u0022\/solarspeicher\/max-kloth-von-zyc-energy-speicher-leicht-konfigurierbar\u0022  class=\u0022teaser teaser--standard\u0022 aria-label=\u0022Max Kloth von ZYC Energy: Speicher leicht konfigurierbar\u0022\u003E\n      \u003Cdiv class=\u0022teaser-content--image\u0022\u003E\n        \u003Cfigure class=\u0022image--figure\u0022\u003E\n        \u003Cpicture\u003E\n                        \u003Csource srcset=\u0022\/sites\/default\/files\/styles\/teaser_standard__m\/public\/aurora\/2024\/07\/376814.jpeg.webp?itok=VWiC0MTv 1x\u0022 media=\u0022(min-width: 48.0625em) and (max-width: 64em)\u0022 type=\u0022image\/webp\u0022 width=\u0022323\u0022 height=\u0022182\u0022\/\u003E\n                  \u003Csource srcset=\u0022\/sites\/default\/files\/styles\/teaser_standard__l\/public\/aurora\/2024\/07\/376814.jpeg.webp?itok=CD4xhiWj 1x\u0022 media=\u0022(min-width: 64.0625em)\u0022 type=\u0022image\/webp\u0022 width=\u0022203\u0022 height=\u0022114\u0022\/\u003E\n                  \u003Csource srcset=\u0022\/sites\/default\/files\/styles\/teaser_standard__m\/public\/aurora\/2024\/07\/376814.jpeg?itok=UNoaISVU 1x\u0022 media=\u0022(min-width: 48.0625em) and (max-width: 64em)\u0022 type=\u0022image\/jpeg\u0022 width=\u0022323\u0022 height=\u0022182\u0022\/\u003E\n                  \u003Csource srcset=\u0022\/sites\/default\/files\/styles\/teaser_standard__l\/public\/aurora\/2024\/07\/376814.jpeg?itok=YcpNbdCb 1x\u0022 media=\u0022(min-width: 64.0625em)\u0022 type=\u0022image\/jpeg\u0022 width=\u0022203\u0022 height=\u0022114\u0022\/\u003E\n                          \u003Cimg loading=\u0022eager\u0022 data-caption-hide width=\u0022708\u0022 height=\u0022398\u0022 alt=\u0022Max Kloth von ZYC Energy (rechts) ist Fachmann f\u00fcr Speichersysteme.\u0022 data-zoomed=\u0022https:\/\/www.photovoltaik.eu\/sites\/default\/files\/styles\/content__zoomed\/public\/aurora\/2024\/07\/376814.jpeg?itok=-v1o_B5O\u0022 src=\u0022\/sites\/default\/files\/styles\/teaser_standard__s\/public\/aurora\/2024\/07\/376814.jpeg?itok=RQpFqrr0\u0022 title=\u0022\u00a9 Vorsatz Media\u0022 \/\u003E\n\n    \u003C\/picture\u003E\n      \u003Cfigcaption class=\u0022image--figcaption\u0022\u003E\n          \u003Cdiv class=\u0022copyright\u0022\u003EVorsatz Media\u003C\/div\u003E\n          \u003C\/figcaption\u003E\n\u003C\/figure\u003E\n\n\n    \u003C\/div\u003E\n    \u003Cdiv class=\u0022teaser-content\u0022\u003E\n                    \u003Cdiv class=\u0022teaser-content--kicker\u0022\u003E\n                    \n        \u003C\/div\u003E\n                                              \n                        \n        \u003Ch4 class=\u0022teaser-content--headline\u0022\u003E\n                                Max Kloth von ZYC Energy: Speicher leicht \n                              \u003Cspan class=\u0022headline-last-word-arrow\u0022\u003Ekonfigurierbar                      \u003C\/span\u003E\n        \u003C\/h4\u003E\n            \u003Cdiv class=\u0022teaser-content--publishing-date\u0022\u003E\u003Ctime datetime=\u00222025-03-11T08:00:00Z\u0022\u003E11.03.2025\u003C\/time\u003E\n\u003C\/div\u003E\u003Cspan class=\u0022teaser-content--publishing-date-divider\u0022\u003E - \u003C\/span\u003E\u003Cdiv class=\u0022teaser-content--body\u0022\u003E\u003Cp\u003EPV Guided Tours: ZYC Energy bietet Stromspeicher f\u00fcr alle Einsatzbereiche. Die Anlagen sind einfach zu konfigurieren und besonders robust. Auch Laden und Entladen bei sehr tiefen Temperaturen macht den Simpo-Ger\u00e4ten nichts aus. Beim Anschluss von neuen Batteriemodulen gilt: plug, click, go!\u003C\/p\u003E\n\u003C\/div\u003E\n                        \u003Cspan class=\u0022read-more-arrow-container\u0022\u003E\n            \u003Cspan class=\u0022read-more-angled-arrow\u0022\u003E \u003C\/span\u003E\n          \u003C\/span\u003E\n                  \u003C\/div\u003E\n    \u003C\/a\u003E\n\u003Ca href=\u0022\/montage\/katharina-david-von-k2-systems-starker-partner-des-handwerks\u0022  class=\u0022teaser teaser--standard\u0022 aria-label=\u0022Katharina David von K2 Systems: Starker Partner des Handwerks\u0022\u003E\n      \u003Cdiv class=\u0022teaser-content--image\u0022\u003E\n        \u003Cfigure class=\u0022image--figure\u0022\u003E\n        \u003Cpicture\u003E\n                        \u003Csource srcset=\u0022\/sites\/default\/files\/styles\/teaser_standard__m\/public\/aurora\/2024\/06\/374554.jpeg.webp?itok=hAJE9aEP 1x\u0022 media=\u0022(min-width: 48.0625em) and (max-width: 64em)\u0022 type=\u0022image\/webp\u0022 width=\u0022323\u0022 height=\u0022182\u0022\/\u003E\n                  \u003Csource srcset=\u0022\/sites\/default\/files\/styles\/teaser_standard__l\/public\/aurora\/2024\/06\/374554.jpeg.webp?itok=H_JPGxjd 1x\u0022 media=\u0022(min-width: 64.0625em)\u0022 type=\u0022image\/webp\u0022 width=\u0022203\u0022 height=\u0022114\u0022\/\u003E\n                  \u003Csource srcset=\u0022\/sites\/default\/files\/styles\/teaser_standard__m\/public\/aurora\/2024\/06\/374554.jpeg?itok=dW61t3aD 1x\u0022 media=\u0022(min-width: 48.0625em) and (max-width: 64em)\u0022 type=\u0022image\/jpeg\u0022 width=\u0022323\u0022 height=\u0022182\u0022\/\u003E\n                  \u003Csource srcset=\u0022\/sites\/default\/files\/styles\/teaser_standard__l\/public\/aurora\/2024\/06\/374554.jpeg?itok=NScK1Al1 1x\u0022 media=\u0022(min-width: 64.0625em)\u0022 type=\u0022image\/jpeg\u0022 width=\u0022203\u0022 height=\u0022114\u0022\/\u003E\n                          \u003Cimg loading=\u0022eager\u0022 data-caption-hide width=\u0022708\u0022 height=\u0022398\u0022 alt=\u0022Katharina David ist Gesch\u00e4ftsf\u00fchrerin von K2 Systems.\u0022 data-zoomed=\u0022https:\/\/www.photovoltaik.eu\/sites\/default\/files\/styles\/content__zoomed\/public\/aurora\/2024\/06\/374554.jpeg?itok=oh-5IkBf\u0022 src=\u0022\/sites\/default\/files\/styles\/teaser_standard__s\/public\/aurora\/2024\/06\/374554.jpeg?itok=OJ5CYNpR\u0022 title=\u0022\u00a9 Vorsatz Media\u0022 \/\u003E\n\n    \u003C\/picture\u003E\n      \u003Cfigcaption class=\u0022image--figcaption\u0022\u003E\n          \u003Cdiv class=\u0022copyright\u0022\u003EVorsatz Media\u003C\/div\u003E\n          \u003C\/figcaption\u003E\n\u003C\/figure\u003E\n\n\n    \u003C\/div\u003E\n    \u003Cdiv class=\u0022teaser-content\u0022\u003E\n                    \u003Cdiv class=\u0022teaser-content--kicker\u0022\u003E\n                    \n        \u003C\/div\u003E\n                                              \n                        \n        \u003Ch4 class=\u0022teaser-content--headline\u0022\u003E\n                                Katharina David von K2 Systems: Starker Partner des \n                              \u003Cspan class=\u0022headline-last-word-arrow\u0022\u003EHandwerks                      \u003C\/span\u003E\n        \u003C\/h4\u003E\n            \u003Cdiv class=\u0022teaser-content--publishing-date\u0022\u003E\u003Ctime datetime=\u00222025-03-10T09:00:00Z\u0022\u003E10.03.2025\u003C\/time\u003E\n\u003C\/div\u003E\u003Cspan class=\u0022teaser-content--publishing-date-divider\u0022\u003E - \u003C\/span\u003E\u003Cdiv class=\u0022teaser-content--body\u0022\u003E\u003Cp\u003ECEO Talk: Die Anbieter von Montagetechnik und die Installateure vernetzen sich immer mehr. Alle Prozesse werden digitalisiert, von der Planung bis zur Lieferung auf die Baustelle \u2013 und dar\u00fcber hinaus. F\u00fcr K2 Systems ein Grund, zu feiern. Warum? Das erkl\u00e4rt Katharina David, CEO von K2 Systems.\u003C\/p\u003E\n\u003C\/div\u003E\n                        \u003Cspan class=\u0022read-more-arrow-container\u0022\u003E\n            \u003Cspan class=\u0022read-more-angled-arrow\u0022\u003E \u003C\/span\u003E\n          \u003C\/span\u003E\n                  \u003C\/div\u003E\n    \u003C\/a\u003E\n","entity_type":"node","used_ids":["",222126,222070,222361,222518,222517,222488,222486,222468,222584,222484,222485,222367,222378,222357,222379,222590,222360,223202,222589,222069],"show_more":""}]