[{"command":"settings","settings":{"pluralDelimiter":"\u0003","suppressDeprecationErrors":true,"ajaxPageState":{"libraries":"eJxLzi9K1S_ITC4pLUpNy8zJ0UmpzEvMzUyOT80rySypjM_JLC7RL87IL4_PBaoEALH_EqY","theme":"ivory","theme_token":null},"ajaxTrustedUrl":[],"user":{"uid":0,"permissionsHash":"9c975576f1b96e43d31b3ff34c1ca6b53b6096ff14d83974ef00f2d68011e8fb"}},"merge":true},{"command":"add_css","data":[{"rel":"stylesheet","media":"all","href":"\/core\/themes\/stable9\/css\/core\/components\/progress.module.css?te7139"},{"rel":"stylesheet","media":"all","href":"\/core\/themes\/stable9\/css\/core\/components\/ajax-progress.module.css?te7139"},{"rel":"stylesheet","media":"all","href":"\/themes\/contrib\/gin\/dist\/css\/components\/ajax.css?te7139"}]},{"command":"add_js","selector":"body","data":[{"src":"\/core\/assets\/vendor\/jquery\/jquery.min.js?v=4.0.0"},{"src":"\/sites\/default\/files\/js\/js_0fsiEo0Uh91-ihr-4orxLwZQeIIyrdaudiNWjAvaXWo.js?scope=footer\u0026delta=1\u0026language=de-pv\u0026theme=ivory\u0026include=eJxLqcxLzM1Mjk_NK8ksqYzPySwu0S_OyC-Pz80vSgUAtBcL_w"}]},{"command":"showMoreTeasers","id":"del--paragraph-695585","content":"\u003Ca href=\u0022\/solarspeicher\/comau-entwickelt-neue-recyclingloesung-fuer-speicher\u0022  class=\u0022teaser teaser--standard\u0022 aria-label=\u0022Comau entwickelt neue Recyclingl\u00f6sung f\u00fcr Speicher\u0022\u003E\n      \u003Cdiv class=\u0022teaser-content--image\u0022\u003E\n        \u003Cfigure class=\u0022image--figure\u0022\u003E\n        \u003Cpicture\u003E\n                        \u003Csource srcset=\u0022\/sites\/default\/files\/styles\/teaser_standard__m\/public\/aurora\/2024\/11\/408025.jpeg.webp?itok=ygOWMSUM 1x\u0022 media=\u0022(min-width: 48.0625em) and (max-width: 64em)\u0022 type=\u0022image\/webp\u0022 width=\u0022323\u0022 height=\u0022182\u0022\/\u003E\n                  \u003Csource srcset=\u0022\/sites\/default\/files\/styles\/teaser_standard__l\/public\/aurora\/2024\/11\/408025.jpeg.webp?itok=2hPZGDTq 1x\u0022 media=\u0022(min-width: 64.0625em)\u0022 type=\u0022image\/webp\u0022 width=\u0022203\u0022 height=\u0022114\u0022\/\u003E\n                  \u003Csource srcset=\u0022\/sites\/default\/files\/styles\/teaser_standard__m\/public\/aurora\/2024\/11\/408025.jpeg?itok=vrmRbzHU 1x\u0022 media=\u0022(min-width: 48.0625em) and (max-width: 64em)\u0022 type=\u0022image\/jpeg\u0022 width=\u0022323\u0022 height=\u0022182\u0022\/\u003E\n                  \u003Csource srcset=\u0022\/sites\/default\/files\/styles\/teaser_standard__l\/public\/aurora\/2024\/11\/408025.jpeg?itok=wQCf8iK8 1x\u0022 media=\u0022(min-width: 64.0625em)\u0022 type=\u0022image\/jpeg\u0022 width=\u0022203\u0022 height=\u0022114\u0022\/\u003E\n                          \u003Cimg alt=\u0022Mit einem gro\u00dfen Team an Ingenieuren nimmt Comau an der Entwicklung eines Demontageverfahrens von Batterien teil.\u0022 loading=\u0022eager\u0022 data-caption-hide width=\u0022708\u0022 height=\u0022398\u0022 data-zoomed=\u0022https:\/\/www.photovoltaik.eu\/sites\/default\/files\/styles\/content__zoomed\/public\/aurora\/2024\/11\/408025.jpeg?itok=h4QeHrzZ\u0022 src=\u0022\/sites\/default\/files\/styles\/teaser_standard__s\/public\/aurora\/2024\/11\/408025.jpeg?itok=EAigVSFq\u0022 title=\u0022\u00a9 Comau\u0022 \/\u003E\n\n    \u003C\/picture\u003E\n      \u003Cfigcaption class=\u0022image--figcaption\u0022\u003E\n          \u003Cdiv class=\u0022copyright\u0022\u003EComau\u003C\/div\u003E\n          \u003C\/figcaption\u003E\n\u003C\/figure\u003E\n\n\n    \u003C\/div\u003E\n    \u003Cdiv class=\u0022teaser-content\u0022\u003E\n                    \u003Cdiv class=\u0022teaser-content--kicker\u0022\u003E\n                    \n        \u003C\/div\u003E\n                                              \n                        \n        \u003Ch4 class=\u0022teaser-content--headline\u0022\u003E\n                                Comau entwickelt neue Recyclingl\u00f6sung f\u00fcr \n                              \u003Cspan class=\u0022headline-last-word-arrow\u0022\u003ESpeicher                      \u003C\/span\u003E\n        \u003C\/h4\u003E\n            \u003Cdiv class=\u0022teaser-content--publishing-date\u0022\u003E\u003Ctime datetime=\u00222024-11-28T14:00:04Z\u0022\u003E28.11.2024\u003C\/time\u003E\n\u003C\/div\u003E\u003Cspan class=\u0022teaser-content--publishing-date-divider\u0022\u003E - \u003C\/span\u003E\u003Cdiv class=\u0022teaser-content--body\u0022\u003E\u003Cp\u003EDer italienische Automatisierungsspezialist wird sich im Rahmen eines Verbundprojekts mit der Entwicklung eines standardisierten Demontageprozesses von Batterien besch\u00e4ftigen. Au\u00dferdem sollen noch Diagnoseverfahren entwickelt werden.\u003C\/p\u003E\n\u003C\/div\u003E\n                        \u003Cspan class=\u0022read-more-arrow-container\u0022\u003E\n            \u003Cspan class=\u0022read-more-angled-arrow\u0022\u003E \u003C\/span\u003E\n          \u003C\/span\u003E\n                  \u003C\/div\u003E\n    \u003C\/a\u003E\n\u003Ca href=\u0022\/solarmodule\/werden-solarmodule-bald-wieder-teurer\u0022  class=\u0022teaser teaser--standard\u0022 aria-label=\u0022Werden Solarmodule bald wieder teurer?\u0022\u003E\n      \u003Cdiv class=\u0022teaser-content--image\u0022\u003E\n        \u003Cfigure class=\u0022image--figure\u0022\u003E\n        \u003Cpicture\u003E\n                        \u003Csource srcset=\u0022\/sites\/default\/files\/styles\/teaser_standard__m\/public\/aurora\/2024\/11\/406912.jpeg.webp?itok=-CzbsNRd 1x\u0022 media=\u0022(min-width: 48.0625em) and (max-width: 64em)\u0022 type=\u0022image\/webp\u0022 width=\u0022323\u0022 height=\u0022182\u0022\/\u003E\n                  \u003Csource srcset=\u0022\/sites\/default\/files\/styles\/teaser_standard__l\/public\/aurora\/2024\/11\/406912.jpeg.webp?itok=8I-g9Sfs 1x\u0022 media=\u0022(min-width: 64.0625em)\u0022 type=\u0022image\/webp\u0022 width=\u0022203\u0022 height=\u0022114\u0022\/\u003E\n                  \u003Csource srcset=\u0022\/sites\/default\/files\/styles\/teaser_standard__m\/public\/aurora\/2024\/11\/406912.jpeg?itok=RXxuWGYJ 1x\u0022 media=\u0022(min-width: 48.0625em) and (max-width: 64em)\u0022 type=\u0022image\/jpeg\u0022 width=\u0022323\u0022 height=\u0022182\u0022\/\u003E\n                  \u003Csource srcset=\u0022\/sites\/default\/files\/styles\/teaser_standard__l\/public\/aurora\/2024\/11\/406912.jpeg?itok=-p2g264r 1x\u0022 media=\u0022(min-width: 64.0625em)\u0022 type=\u0022image\/jpeg\u0022 width=\u0022203\u0022 height=\u0022114\u0022\/\u003E\n                          \u003Cimg alt=\u0022Die Ware geht in China wohl bald nicht mehr zu Dumpingpreisen in den Export.\u0022 loading=\u0022eager\u0022 data-caption-hide width=\u0022708\u0022 height=\u0022398\u0022 data-zoomed=\u0022https:\/\/www.photovoltaik.eu\/sites\/default\/files\/styles\/content__zoomed\/public\/aurora\/2024\/11\/406912.jpeg?itok=nEjKWPl7\u0022 src=\u0022\/sites\/default\/files\/styles\/teaser_standard__s\/public\/aurora\/2024\/11\/406912.jpeg?itok=CYQD3nSa\u0022 title=\u0022\u00a9 Solarworld\u0022 \/\u003E\n\n    \u003C\/picture\u003E\n      \u003Cfigcaption class=\u0022image--figcaption\u0022\u003E\n          \u003Cdiv class=\u0022copyright\u0022\u003ESolarworld\u003C\/div\u003E\n          \u003C\/figcaption\u003E\n\u003C\/figure\u003E\n\n\n    \u003C\/div\u003E\n    \u003Cdiv class=\u0022teaser-content\u0022\u003E\n                    \u003Cdiv class=\u0022teaser-content--kicker\u0022\u003E\n                    \n        \u003C\/div\u003E\n                                              \n                        \n        \u003Ch4 class=\u0022teaser-content--headline\u0022\u003E\n                                Werden Solarmodule bald wieder \n                              \u003Cspan class=\u0022headline-last-word-arrow\u0022\u003Eteurer?                      \u003C\/span\u003E\n        \u003C\/h4\u003E\n            \u003Cdiv class=\u0022teaser-content--publishing-date\u0022\u003E\u003Ctime datetime=\u00222024-11-25T16:00:03Z\u0022\u003E25.11.2024\u003C\/time\u003E\n\u003C\/div\u003E\u003Cspan class=\u0022teaser-content--publishing-date-divider\u0022\u003E - \u003C\/span\u003E\u003Cdiv class=\u0022teaser-content--body\u0022\u003E\u003Cp\u003EDerzeit sinken die Preise noch. Doch Peking \u00e4ndert die Regeln f\u00fcr den Export von Solarmodulen und verbietet den Verkauf unter Herstellungskosten. Die Branche erwartet vor allem steigende Kosten f\u00fcr effiziente Module.\u003C\/p\u003E\n\u003C\/div\u003E\n                        \u003Cspan class=\u0022read-more-arrow-container\u0022\u003E\n            \u003Cspan class=\u0022read-more-angled-arrow\u0022\u003E \u003C\/span\u003E\n          \u003C\/span\u003E\n                  \u003C\/div\u003E\n    \u003C\/a\u003E\n\u003Ca href=\u0022\/solarmodule\/hzb-allianz-will-entwicklung-von-perowskit-solarzellen-forcieren\u0022  class=\u0022teaser teaser--standard\u0022 aria-label=\u0022HZB: Allianz will Entwicklung von Perowskit-Solarzellen forcieren\u0022\u003E\n      \u003Cdiv class=\u0022teaser-content--image\u0022\u003E\n        \u003Cfigure class=\u0022image--figure\u0022\u003E\n        \u003Cpicture\u003E\n                        \u003Csource srcset=\u0022\/sites\/default\/files\/styles\/teaser_standard__m\/public\/aurora\/2024\/11\/403288.jpeg.webp?itok=qNDOKaAL 1x\u0022 media=\u0022(min-width: 48.0625em) and (max-width: 64em)\u0022 type=\u0022image\/webp\u0022 width=\u0022323\u0022 height=\u0022182\u0022\/\u003E\n                  \u003Csource srcset=\u0022\/sites\/default\/files\/styles\/teaser_standard__l\/public\/aurora\/2024\/11\/403288.jpeg.webp?itok=ecFWt-dx 1x\u0022 media=\u0022(min-width: 64.0625em)\u0022 type=\u0022image\/webp\u0022 width=\u0022203\u0022 height=\u0022114\u0022\/\u003E\n                  \u003Csource srcset=\u0022\/sites\/default\/files\/styles\/teaser_standard__m\/public\/aurora\/2024\/11\/403288.jpeg?itok=qdSM78mV 1x\u0022 media=\u0022(min-width: 48.0625em) and (max-width: 64em)\u0022 type=\u0022image\/jpeg\u0022 width=\u0022323\u0022 height=\u0022182\u0022\/\u003E\n                  \u003Csource srcset=\u0022\/sites\/default\/files\/styles\/teaser_standard__l\/public\/aurora\/2024\/11\/403288.jpeg?itok=6zamZZZO 1x\u0022 media=\u0022(min-width: 64.0625em)\u0022 type=\u0022image\/jpeg\u0022 width=\u0022203\u0022 height=\u0022114\u0022\/\u003E\n                          \u003Cimg alt=\u0022Perowskit-Materialien f\u00fcr Solarmodule kommen in vielf\u00e4ltigen Farben vor, die ihre jeweiligen optischen Eigenschaften widerspiegeln.\u0022 loading=\u0022eager\u0022 data-caption-hide width=\u0022708\u0022 height=\u0022398\u0022 data-zoomed=\u0022https:\/\/www.photovoltaik.eu\/sites\/default\/files\/styles\/content__zoomed\/public\/aurora\/2024\/11\/403288.jpeg?itok=xXiZWq9i\u0022 src=\u0022\/sites\/default\/files\/styles\/teaser_standard__s\/public\/aurora\/2024\/11\/403288.jpeg?itok=iWEbRaNP\u0022 title=\u0022\u00a9 HZB, M. Setzpfandt\u0022 \/\u003E\n\n    \u003C\/picture\u003E\n      \u003Cfigcaption class=\u0022image--figcaption\u0022\u003E\n          \u003Cdiv class=\u0022copyright\u0022\u003EHZB, M. Setzpfandt\u003C\/div\u003E\n          \u003C\/figcaption\u003E\n\u003C\/figure\u003E\n\n\n    \u003C\/div\u003E\n    \u003Cdiv class=\u0022teaser-content\u0022\u003E\n                    \u003Cdiv class=\u0022teaser-content--kicker\u0022\u003E\n                    \n        \u003C\/div\u003E\n                                              \n                        \n        \u003Ch4 class=\u0022teaser-content--headline\u0022\u003E\n                                HZB: Allianz will Entwicklung von Perowskit-Solarzellen \n                              \u003Cspan class=\u0022headline-last-word-arrow\u0022\u003Eforcieren                      \u003C\/span\u003E\n        \u003C\/h4\u003E\n            \u003Cdiv class=\u0022teaser-content--publishing-date\u0022\u003E\u003Ctime datetime=\u00222024-11-07T14:00:03Z\u0022\u003E07.11.2024\u003C\/time\u003E\n\u003C\/div\u003E\u003Cspan class=\u0022teaser-content--publishing-date-divider\u0022\u003E - \u003C\/span\u003E\u003Cdiv class=\u0022teaser-content--body\u0022\u003E\u003Cp\u003EZehn Teams am Helmholtz-Zentrum Berlin (HZB) bauen nun eine internationale Allianz auf, um die Reproduzierbarkeit von Perowskit-Materialien sicherzustellen. Der Clou: Produktionsanlagen f\u00fcr Halogenid-Perowskit-Zellen k\u00f6nnten k\u00fcnftig auch in Europa gebaut werden.\u003C\/p\u003E\n\u003C\/div\u003E\n                        \u003Cspan class=\u0022read-more-arrow-container\u0022\u003E\n            \u003Cspan class=\u0022read-more-angled-arrow\u0022\u003E \u003C\/span\u003E\n          \u003C\/span\u003E\n                  \u003C\/div\u003E\n    \u003C\/a\u003E\n\u003Ca href=\u0022\/preise\/pvxchange-preisverfall-geht-weiter\u0022  class=\u0022teaser teaser--standard\u0022 aria-label=\u0022PVXchange: Preisverfall geht weiter\u0022\u003E\n      \u003Cdiv class=\u0022teaser-content--image\u0022\u003E\n        \u003Cfigure class=\u0022image--figure\u0022\u003E\n        \u003Cpicture\u003E\n                        \u003Csource srcset=\u0022\/sites\/default\/files\/styles\/teaser_standard__m\/public\/aurora\/2024\/10\/398990.jpeg.webp?itok=2T_n23op 1x\u0022 media=\u0022(min-width: 48.0625em) and (max-width: 64em)\u0022 type=\u0022image\/webp\u0022 width=\u0022323\u0022 height=\u0022182\u0022\/\u003E\n                  \u003Csource srcset=\u0022\/sites\/default\/files\/styles\/teaser_standard__l\/public\/aurora\/2024\/10\/398990.jpeg.webp?itok=2IpQdKG5 1x\u0022 media=\u0022(min-width: 64.0625em)\u0022 type=\u0022image\/webp\u0022 width=\u0022203\u0022 height=\u0022114\u0022\/\u003E\n                  \u003Csource srcset=\u0022\/sites\/default\/files\/styles\/teaser_standard__m\/public\/aurora\/2024\/10\/398990.jpeg?itok=cDdXScJo 1x\u0022 media=\u0022(min-width: 48.0625em) and (max-width: 64em)\u0022 type=\u0022image\/jpeg\u0022 width=\u0022323\u0022 height=\u0022182\u0022\/\u003E\n                  \u003Csource srcset=\u0022\/sites\/default\/files\/styles\/teaser_standard__l\/public\/aurora\/2024\/10\/398990.jpeg?itok=Vki8PbBp 1x\u0022 media=\u0022(min-width: 64.0625em)\u0022 type=\u0022image\/jpeg\u0022 width=\u0022203\u0022 height=\u0022114\u0022\/\u003E\n                          \u003Cimg alt=\u0022Noch immer ist die Talsohle bei den Modulpreisen nicht in Sicht.\u0022 loading=\u0022eager\u0022 data-caption-hide width=\u0022708\u0022 height=\u0022398\u0022 data-zoomed=\u0022https:\/\/www.photovoltaik.eu\/sites\/default\/files\/styles\/content__zoomed\/public\/aurora\/2024\/10\/398990.jpeg?itok=aAYK4zFp\u0022 src=\u0022\/sites\/default\/files\/styles\/teaser_standard__s\/public\/aurora\/2024\/10\/398990.jpeg?itok=yxi69EkK\u0022 title=\u0022\u00a9 PVXchange\u0022 \/\u003E\n\n    \u003C\/picture\u003E\n      \u003Cfigcaption class=\u0022image--figcaption\u0022\u003E\n          \u003Cdiv class=\u0022copyright\u0022\u003EPVXchange\u003C\/div\u003E\n          \u003C\/figcaption\u003E\n\u003C\/figure\u003E\n\n\n    \u003C\/div\u003E\n    \u003Cdiv class=\u0022teaser-content\u0022\u003E\n                    \u003Cdiv class=\u0022teaser-content--kicker\u0022\u003E\n                    \n        \u003C\/div\u003E\n                                              \n                        \n        \u003Ch4 class=\u0022teaser-content--headline\u0022\u003E\n                                PVXchange: Preisverfall geht \n                              \u003Cspan class=\u0022headline-last-word-arrow\u0022\u003Eweiter                      \u003C\/span\u003E\n        \u003C\/h4\u003E\n            \u003Cdiv class=\u0022teaser-content--publishing-date\u0022\u003E\u003Ctime datetime=\u00222024-10-22T09:00:03Z\u0022\u003E22.10.2024\u003C\/time\u003E\n\u003C\/div\u003E\u003Cspan class=\u0022teaser-content--publishing-date-divider\u0022\u003E - \u003C\/span\u003E\u003Cdiv class=\u0022teaser-content--body\u0022\u003E\u003Cp\u003ELeistungsstarke Module sind nochmals um rund einen Cent pro Watt gefallen. In den anderen Modulklassen gab es kaum Ver\u00e4nderung. Offenbar ist die Not der Anbieter nach wie vor gro\u00df. Sie werten \u00dcberbest\u00e4nde ab, um den Verkauf anzukurbeln.\u003C\/p\u003E\n\u003C\/div\u003E\n                        \u003Cspan class=\u0022read-more-arrow-container\u0022\u003E\n            \u003Cspan class=\u0022read-more-angled-arrow\u0022\u003E \u003C\/span\u003E\n          \u003C\/span\u003E\n                  \u003C\/div\u003E\n    \u003C\/a\u003E\n\u003Ca href=\u0022\/foerderung\/sachsens-wirtschaft-fordert-mehr-tempo-der-energiewende\u0022  class=\u0022teaser teaser--standard\u0022 aria-label=\u0022Sachsens Wirtschaft fordert mehr Tempo in der Energiewende\u0022\u003E\n      \u003Cdiv class=\u0022teaser-content--image\u0022\u003E\n        \u003Cfigure class=\u0022image--figure\u0022\u003E\n        \u003Cpicture\u003E\n                        \u003Csource srcset=\u0022\/sites\/default\/files\/styles\/teaser_standard__m\/public\/aurora\/2024\/09\/392163.jpeg.webp?itok=9OlEJ4_B 1x\u0022 media=\u0022(min-width: 48.0625em) and (max-width: 64em)\u0022 type=\u0022image\/webp\u0022 width=\u0022323\u0022 height=\u0022182\u0022\/\u003E\n                  \u003Csource srcset=\u0022\/sites\/default\/files\/styles\/teaser_standard__l\/public\/aurora\/2024\/09\/392163.jpeg.webp?itok=aB4YJsRx 1x\u0022 media=\u0022(min-width: 64.0625em)\u0022 type=\u0022image\/webp\u0022 width=\u0022203\u0022 height=\u0022114\u0022\/\u003E\n                  \u003Csource srcset=\u0022\/sites\/default\/files\/styles\/teaser_standard__m\/public\/aurora\/2024\/09\/392163.jpeg?itok=ncnnuiAa 1x\u0022 media=\u0022(min-width: 48.0625em) and (max-width: 64em)\u0022 type=\u0022image\/jpeg\u0022 width=\u0022323\u0022 height=\u0022182\u0022\/\u003E\n                  \u003Csource srcset=\u0022\/sites\/default\/files\/styles\/teaser_standard__l\/public\/aurora\/2024\/09\/392163.jpeg?itok=gcZsOeWN 1x\u0022 media=\u0022(min-width: 64.0625em)\u0022 type=\u0022image\/jpeg\u0022 width=\u0022203\u0022 height=\u0022114\u0022\/\u003E\n                          \u003Cimg loading=\u0022eager\u0022 data-caption-hide width=\u0022708\u0022 height=\u0022398\u0022 alt=\u0022Sachsen Ministerpr\u00e4sident Michael Kretschmer (CDU) schm\u00fcckt sich gern mit innovativen Unternehmen, hier bei einer Konferenz \u00fcber KI in Chemnitz.\u0022 data-zoomed=\u0022https:\/\/www.photovoltaik.eu\/sites\/default\/files\/styles\/content__zoomed\/public\/aurora\/2024\/09\/392163.jpeg?itok=jYvwDEH5\u0022 src=\u0022\/sites\/default\/files\/styles\/teaser_standard__s\/public\/aurora\/2024\/09\/392163.jpeg?itok=y77kzTR5\u0022 title=\u0022\u00a9 Pawel Sosnowski\u0022 \/\u003E\n\n    \u003C\/picture\u003E\n      \u003Cfigcaption class=\u0022image--figcaption\u0022\u003E\n          \u003Cdiv class=\u0022copyright\u0022\u003EPawel Sosnowski\u003C\/div\u003E\n          \u003C\/figcaption\u003E\n\u003C\/figure\u003E\n\n\n    \u003C\/div\u003E\n    \u003Cdiv class=\u0022teaser-content\u0022\u003E\n                    \u003Cdiv class=\u0022teaser-content--kicker\u0022\u003E\n                    \n        \u003C\/div\u003E\n                                              \n                        \n        \u003Ch4 class=\u0022teaser-content--headline\u0022\u003E\n                                Sachsens Wirtschaft fordert mehr Tempo in der \n                              \u003Cspan class=\u0022headline-last-word-arrow\u0022\u003EEnergiewende                      \u003C\/span\u003E\n        \u003C\/h4\u003E\n            \u003Cdiv class=\u0022teaser-content--publishing-date\u0022\u003E\u003Ctime datetime=\u00222024-10-21T12:15:03Z\u0022\u003E21.10.2024\u003C\/time\u003E\n\u003C\/div\u003E\u003Cspan class=\u0022teaser-content--publishing-date-divider\u0022\u003E - \u003C\/span\u003E\u003Cdiv class=\u0022teaser-content--body\u0022\u003E\u003Cp\u003ESeit 1990 regiert die CDU im Freistaat, auch die Wahl vor einer Woche hat sie \u2013 knapp \u2013 gewonnen. Nun fordern mehr als 60 gr\u00f6\u00dfere Unternehmen, die erneuerbaren Energien auszubauen. Nur so sei die Wettbewerbsf\u00e4higkeit zu sichern.\u003C\/p\u003E\n\u003C\/div\u003E\n                        \u003Cspan class=\u0022read-more-arrow-container\u0022\u003E\n            \u003Cspan class=\u0022read-more-angled-arrow\u0022\u003E \u003C\/span\u003E\n          \u003C\/span\u003E\n                  \u003C\/div\u003E\n    \u003C\/a\u003E\n\u003Ca href=\u0022\/solarmodule\/trina-test-topcon-module-liefern-bis-zu-34-prozent-mehr-strom-als-tbc-module\u0022  class=\u0022teaser teaser--standard\u0022 aria-label=\u0022Trina-Test: Topcon-Module liefern bis zu 3,4 Prozent mehr Strom als TBC-Module\u0022\u003E\n      \u003Cdiv class=\u0022teaser-content--image\u0022\u003E\n        \u003Cfigure class=\u0022image--figure\u0022\u003E\n        \u003Cpicture\u003E\n                        \u003Csource srcset=\u0022\/sites\/default\/files\/styles\/teaser_standard__m\/public\/aurora\/2024\/10\/398669.jpeg.webp?itok=OBgonftT 1x\u0022 media=\u0022(min-width: 48.0625em) and (max-width: 64em)\u0022 type=\u0022image\/webp\u0022 width=\u0022323\u0022 height=\u0022182\u0022\/\u003E\n                  \u003Csource srcset=\u0022\/sites\/default\/files\/styles\/teaser_standard__l\/public\/aurora\/2024\/10\/398669.jpeg.webp?itok=VVzRadCo 1x\u0022 media=\u0022(min-width: 64.0625em)\u0022 type=\u0022image\/webp\u0022 width=\u0022203\u0022 height=\u0022114\u0022\/\u003E\n                  \u003Csource srcset=\u0022\/sites\/default\/files\/styles\/teaser_standard__m\/public\/aurora\/2024\/10\/398669.jpeg?itok=ZOdfW_CN 1x\u0022 media=\u0022(min-width: 48.0625em) and (max-width: 64em)\u0022 type=\u0022image\/jpeg\u0022 width=\u0022323\u0022 height=\u0022182\u0022\/\u003E\n                  \u003Csource srcset=\u0022\/sites\/default\/files\/styles\/teaser_standard__l\/public\/aurora\/2024\/10\/398669.jpeg?itok=rE12JrSt 1x\u0022 media=\u0022(min-width: 64.0625em)\u0022 type=\u0022image\/jpeg\u0022 width=\u0022203\u0022 height=\u0022114\u0022\/\u003E\n                          \u003Cimg alt=\u0022Topcon vs. TBC: Leistungsvorsprung pro Watt zu unterschiedlichen Tageszeiten.\u0022 loading=\u0022eager\u0022 data-caption-hide width=\u0022708\u0022 height=\u0022398\u0022 data-zoomed=\u0022https:\/\/www.photovoltaik.eu\/sites\/default\/files\/styles\/content__zoomed\/public\/aurora\/2024\/10\/398669.jpeg?itok=A3Kifwgw\u0022 src=\u0022\/sites\/default\/files\/styles\/teaser_standard__s\/public\/aurora\/2024\/10\/398669.jpeg?itok=2_eJnpPY\u0022 title=\u0022\u00a9 Trina Solar\u0022 \/\u003E\n\n    \u003C\/picture\u003E\n      \u003Cfigcaption class=\u0022image--figcaption\u0022\u003E\n          \u003Cdiv class=\u0022copyright\u0022\u003ETrina Solar\u003C\/div\u003E\n          \u003C\/figcaption\u003E\n\u003C\/figure\u003E\n\n\n    \u003C\/div\u003E\n    \u003Cdiv class=\u0022teaser-content\u0022\u003E\n                    \u003Cdiv class=\u0022teaser-content--kicker\u0022\u003E\n                    \n        \u003C\/div\u003E\n                                              \n                        \n        \u003Ch4 class=\u0022teaser-content--headline\u0022\u003E\n                                Trina-Test: Topcon-Module liefern bis zu 3,4 Prozent mehr Strom als \n                              \u003Cspan class=\u0022headline-last-word-arrow\u0022\u003ETBC-Module                      \u003C\/span\u003E\n        \u003C\/h4\u003E\n            \u003Cdiv class=\u0022teaser-content--publishing-date\u0022\u003E\u003Ctime datetime=\u00222024-10-18T11:00:04Z\u0022\u003E18.10.2024\u003C\/time\u003E\n\u003C\/div\u003E\u003Cspan class=\u0022teaser-content--publishing-date-divider\u0022\u003E - \u003C\/span\u003E\u003Cdiv class=\u0022teaser-content--body\u0022\u003E\u003Cp\u003EModulhersteller Trina Solar hat in einem Feldtest erfasst, dass Topcon-Module im Vergleich zu R\u00fcckkontakt-Modulen im Schnitt eine Mehrleistung von 3,15 Prozent pro Watt liefern. Demnach liefern sie bis zu 3,4 Prozent mehr Strom pro Monat.\u003C\/p\u003E\n\u003C\/div\u003E\n                        \u003Cspan class=\u0022read-more-arrow-container\u0022\u003E\n            \u003Cspan class=\u0022read-more-angled-arrow\u0022\u003E \u003C\/span\u003E\n          \u003C\/span\u003E\n                  \u003C\/div\u003E\n    \u003C\/a\u003E\n\u003Ca href=\u0022\/wechselrichter\/solarnative-stellt-geschaeftsbetrieb-ein\u0022  class=\u0022teaser teaser--standard\u0022 aria-label=\u0022Solarnative stellt Gesch\u00e4ftsbetrieb ein\u0022\u003E\n      \u003Cdiv class=\u0022teaser-content--image\u0022\u003E\n        \u003Cfigure class=\u0022image--figure\u0022\u003E\n        \u003Cpicture\u003E\n                        \u003Csource srcset=\u0022\/sites\/default\/files\/styles\/teaser_standard__m\/public\/aurora\/2024\/10\/396638.jpeg.webp?itok=VhMqlB8G 1x\u0022 media=\u0022(min-width: 48.0625em) and (max-width: 64em)\u0022 type=\u0022image\/webp\u0022 width=\u0022323\u0022 height=\u0022182\u0022\/\u003E\n                  \u003Csource srcset=\u0022\/sites\/default\/files\/styles\/teaser_standard__l\/public\/aurora\/2024\/10\/396638.jpeg.webp?itok=DQGLOGlV 1x\u0022 media=\u0022(min-width: 64.0625em)\u0022 type=\u0022image\/webp\u0022 width=\u0022203\u0022 height=\u0022114\u0022\/\u003E\n                  \u003Csource srcset=\u0022\/sites\/default\/files\/styles\/teaser_standard__m\/public\/aurora\/2024\/10\/396638.jpeg?itok=YOY1CsqZ 1x\u0022 media=\u0022(min-width: 48.0625em) and (max-width: 64em)\u0022 type=\u0022image\/jpeg\u0022 width=\u0022323\u0022 height=\u0022182\u0022\/\u003E\n                  \u003Csource srcset=\u0022\/sites\/default\/files\/styles\/teaser_standard__l\/public\/aurora\/2024\/10\/396638.jpeg?itok=0hC8Id2Y 1x\u0022 media=\u0022(min-width: 64.0625em)\u0022 type=\u0022image\/jpeg\u0022 width=\u0022203\u0022 height=\u0022114\u0022\/\u003E\n                          \u003Cimg alt=\u0022Der Powerstick von Solarnative war serienreif. Es fehlten die Mittel zur Skalierung der Fertigung.\u0022 loading=\u0022eager\u0022 data-caption-hide width=\u0022708\u0022 height=\u0022398\u0022 data-zoomed=\u0022https:\/\/www.photovoltaik.eu\/sites\/default\/files\/styles\/content__zoomed\/public\/aurora\/2024\/10\/396638.jpeg?itok=OXXG5poG\u0022 src=\u0022\/sites\/default\/files\/styles\/teaser_standard__s\/public\/aurora\/2024\/10\/396638.jpeg?itok=gCy6E5GB\u0022 title=\u0022\u00a9 Heiko Schwarzburger\u0022 \/\u003E\n\n    \u003C\/picture\u003E\n      \u003Cfigcaption class=\u0022image--figcaption\u0022\u003E\n          \u003Cdiv class=\u0022copyright\u0022\u003EHeiko Schwarzburger\u003C\/div\u003E\n          \u003C\/figcaption\u003E\n\u003C\/figure\u003E\n\n\n    \u003C\/div\u003E\n    \u003Cdiv class=\u0022teaser-content\u0022\u003E\n                    \u003Cdiv class=\u0022teaser-content--kicker\u0022\u003E\n                    \n        \u003C\/div\u003E\n                                              \n                        \n        \u003Ch4 class=\u0022teaser-content--headline\u0022\u003E\n                                Solarnative stellt Gesch\u00e4ftsbetrieb \n                              \u003Cspan class=\u0022headline-last-word-arrow\u0022\u003Eein                      \u003C\/span\u003E\n        \u003C\/h4\u003E\n            \u003Cdiv class=\u0022teaser-content--publishing-date\u0022\u003E\u003Ctime datetime=\u00222024-10-12T11:00:03Z\u0022\u003E12.10.2024\u003C\/time\u003E\n\u003C\/div\u003E\u003Cspan class=\u0022teaser-content--publishing-date-divider\u0022\u003E - \u003C\/span\u003E\u003Cdiv class=\u0022teaser-content--body\u0022\u003E\u003Cp\u003EDas ambitionierte Projekt zur Entwicklung und Fertigung von Mikrowechselrichter im Modulrahmen traf den Markt im falschen Augenblick. Derzeit investiert niemand in solche Projekte, denn alle Hersteller k\u00e4mpfen mit Verwerfungen.\u003C\/p\u003E\n\u003C\/div\u003E\n                        \u003Cspan class=\u0022read-more-arrow-container\u0022\u003E\n            \u003Cspan class=\u0022read-more-angled-arrow\u0022\u003E \u003C\/span\u003E\n          \u003C\/span\u003E\n                  \u003C\/div\u003E\n    \u003C\/a\u003E\n\u003Ca href=\u0022\/solarspeicher\/bund-stoppt-foerderung-fuer-batterieforschung\u0022  class=\u0022teaser teaser--standard\u0022 aria-label=\u0022Bund stoppt F\u00f6rderung f\u00fcr Batterieforschung\u0022\u003E\n      \u003Cdiv class=\u0022teaser-content--image\u0022\u003E\n        \u003Cfigure class=\u0022image--figure\u0022\u003E\n        \u003Cpicture\u003E\n                        \u003Csource srcset=\u0022\/sites\/default\/files\/styles\/teaser_standard__m\/public\/aurora\/2024\/10\/395564.jpeg.webp?itok=x_X9X28i 1x\u0022 media=\u0022(min-width: 48.0625em) and (max-width: 64em)\u0022 type=\u0022image\/webp\u0022 width=\u0022323\u0022 height=\u0022182\u0022\/\u003E\n                  \u003Csource srcset=\u0022\/sites\/default\/files\/styles\/teaser_standard__l\/public\/aurora\/2024\/10\/395564.jpeg.webp?itok=HhMye34G 1x\u0022 media=\u0022(min-width: 64.0625em)\u0022 type=\u0022image\/webp\u0022 width=\u0022203\u0022 height=\u0022114\u0022\/\u003E\n                  \u003Csource srcset=\u0022\/sites\/default\/files\/styles\/teaser_standard__m\/public\/aurora\/2024\/10\/395564.jpeg?itok=M2TjgDuq 1x\u0022 media=\u0022(min-width: 48.0625em) and (max-width: 64em)\u0022 type=\u0022image\/jpeg\u0022 width=\u0022323\u0022 height=\u0022182\u0022\/\u003E\n                  \u003Csource srcset=\u0022\/sites\/default\/files\/styles\/teaser_standard__l\/public\/aurora\/2024\/10\/395564.jpeg?itok=5jPCbRmX 1x\u0022 media=\u0022(min-width: 64.0625em)\u0022 type=\u0022image\/jpeg\u0022 width=\u0022203\u0022 height=\u0022114\u0022\/\u003E\n                          \u003Cimg alt=\u0022Ohne leistungsstarke Batterien ist die Energiewende unm\u00f6glich.\u0022 loading=\u0022eager\u0022 data-caption-hide width=\u0022708\u0022 height=\u0022398\u0022 data-zoomed=\u0022https:\/\/www.photovoltaik.eu\/sites\/default\/files\/styles\/content__zoomed\/public\/aurora\/2024\/10\/395564.jpeg?itok=Vla1NtSp\u0022 src=\u0022\/sites\/default\/files\/styles\/teaser_standard__s\/public\/aurora\/2024\/10\/395564.jpeg?itok=kxtOyoML\u0022 title=\u0022\u00a9 Heiko Schwarzburger\u0022 \/\u003E\n\n    \u003C\/picture\u003E\n      \u003Cfigcaption class=\u0022image--figcaption\u0022\u003E\n          \u003Cdiv class=\u0022copyright\u0022\u003EHeiko Schwarzburger\u003C\/div\u003E\n          \u003C\/figcaption\u003E\n\u003C\/figure\u003E\n\n\n    \u003C\/div\u003E\n    \u003Cdiv class=\u0022teaser-content\u0022\u003E\n                    \u003Cdiv class=\u0022teaser-content--kicker\u0022\u003E\n                    \n        \u003C\/div\u003E\n                                              \n                        \n        \u003Ch4 class=\u0022teaser-content--headline\u0022\u003E\n                                Bund stoppt F\u00f6rderung f\u00fcr \n                              \u003Cspan class=\u0022headline-last-word-arrow\u0022\u003EBatterieforschung                      \u003C\/span\u003E\n        \u003C\/h4\u003E\n            \u003Cdiv class=\u0022teaser-content--publishing-date\u0022\u003E\u003Ctime datetime=\u00222024-10-10T11:00:04Z\u0022\u003E10.10.2024\u003C\/time\u003E\n\u003C\/div\u003E\u003Cspan class=\u0022teaser-content--publishing-date-divider\u0022\u003E - \u003C\/span\u003E\u003Cdiv class=\u0022teaser-content--body\u0022\u003E\u003Cp\u003EMehrere Industrieverb\u00e4nde warnen vor Unterfinanzierung in der Zukunftstechnik. Denn zahlreiche Projekte und Stellen in den Instituten stehen vor dem Aus. Andere L\u00e4nder investieren hingegen in ihre Forschung \u2013 und zwar massiv.\u003C\/p\u003E\n\u003C\/div\u003E\n                        \u003Cspan class=\u0022read-more-arrow-container\u0022\u003E\n            \u003Cspan class=\u0022read-more-angled-arrow\u0022\u003E \u003C\/span\u003E\n          \u003C\/span\u003E\n                  \u003C\/div\u003E\n    \u003C\/a\u003E\n\u003Ca href=\u0022\/solarspeicher\/rct-power-produktion-wird-ausgebaut\u0022  class=\u0022teaser teaser--standard\u0022 aria-label=\u0022RCT Power: Produktion wird ausgebaut\u0022\u003E\n      \u003Cdiv class=\u0022teaser-content--image\u0022\u003E\n        \u003Cfigure class=\u0022image--figure\u0022\u003E\n        \u003Cpicture\u003E\n                        \u003Csource srcset=\u0022\/sites\/default\/files\/styles\/teaser_standard__m\/public\/aurora\/2024\/10\/396217.jpeg.webp?itok=f1k7qn1K 1x\u0022 media=\u0022(min-width: 48.0625em) and (max-width: 64em)\u0022 type=\u0022image\/webp\u0022 width=\u0022323\u0022 height=\u0022182\u0022\/\u003E\n                  \u003Csource srcset=\u0022\/sites\/default\/files\/styles\/teaser_standard__l\/public\/aurora\/2024\/10\/396217.jpeg.webp?itok=Be58Y3_G 1x\u0022 media=\u0022(min-width: 64.0625em)\u0022 type=\u0022image\/webp\u0022 width=\u0022203\u0022 height=\u0022114\u0022\/\u003E\n                  \u003Csource srcset=\u0022\/sites\/default\/files\/styles\/teaser_standard__m\/public\/aurora\/2024\/10\/396217.jpeg?itok=xDGAezxF 1x\u0022 media=\u0022(min-width: 48.0625em) and (max-width: 64em)\u0022 type=\u0022image\/jpeg\u0022 width=\u0022323\u0022 height=\u0022182\u0022\/\u003E\n                  \u003Csource srcset=\u0022\/sites\/default\/files\/styles\/teaser_standard__l\/public\/aurora\/2024\/10\/396217.jpeg?itok=xinBWR1I 1x\u0022 media=\u0022(min-width: 64.0625em)\u0022 type=\u0022image\/jpeg\u0022 width=\u0022203\u0022 height=\u0022114\u0022\/\u003E\n                          \u003Cimg alt=\u0022Das j\u00fcngste Gro\u00dfspeicherprojekt GESS mit Partner W\u00e4rtsil\u00e4 in Hill-County, USA.\u0022 loading=\u0022eager\u0022 data-caption-hide width=\u0022708\u0022 height=\u0022398\u0022 data-zoomed=\u0022https:\/\/www.photovoltaik.eu\/sites\/default\/files\/styles\/content__zoomed\/public\/aurora\/2024\/10\/396217.jpeg?itok=pzWH4okF\u0022 src=\u0022\/sites\/default\/files\/styles\/teaser_standard__s\/public\/aurora\/2024\/10\/396217.jpeg?itok=nTwbLtjS\u0022 title=\u0022\u00a9 RCT Power\u0022 \/\u003E\n\n    \u003C\/picture\u003E\n      \u003Cfigcaption class=\u0022image--figcaption\u0022\u003E\n          \u003Cdiv class=\u0022copyright\u0022\u003ERCT Power\u003C\/div\u003E\n          \u003C\/figcaption\u003E\n\u003C\/figure\u003E\n\n\n    \u003C\/div\u003E\n    \u003Cdiv class=\u0022teaser-content\u0022\u003E\n                    \u003Cdiv class=\u0022teaser-content--kicker\u0022\u003E\n                    \n        \u003C\/div\u003E\n                                              \n                        \n        \u003Ch4 class=\u0022teaser-content--headline\u0022\u003E\n                                RCT Power: Produktion wird \n                              \u003Cspan class=\u0022headline-last-word-arrow\u0022\u003Eausgebaut                      \u003C\/span\u003E\n        \u003C\/h4\u003E\n            \u003Cdiv class=\u0022teaser-content--publishing-date\u0022\u003E\u003Ctime datetime=\u00222024-10-09T12:15:03Z\u0022\u003E09.10.2024\u003C\/time\u003E\n\u003C\/div\u003E\u003Cspan class=\u0022teaser-content--publishing-date-divider\u0022\u003E - \u003C\/span\u003E\u003Cdiv class=\u0022teaser-content--body\u0022\u003E\u003Cp\u003EDer Anbieter integrierter Systeml\u00f6sungen f\u00fcr Wechselrichter und Energiespeicher hat weitere 50 Gro\u00dfspeicher in die USA geliefert. Damit wurde die Grenze von zehn Gigawattstunden insgesamt ausgelieferter Speicherkapazit\u00e4t \u00fcberschritten. Allein von Juni bis August gingen \u00fcber zwei Gigawattstunden neue Auftr\u00e4ge ein.\u003C\/p\u003E\n\u003C\/div\u003E\n                        \u003Cspan class=\u0022read-more-arrow-container\u0022\u003E\n            \u003Cspan class=\u0022read-more-angled-arrow\u0022\u003E \u003C\/span\u003E\n          \u003C\/span\u003E\n                  \u003C\/div\u003E\n    \u003C\/a\u003E\n\u003Ca href=\u0022\/e-mobilitaet\/wallboxenhersteller-keba-uebernimmt-enercharge\u0022  class=\u0022teaser teaser--standard\u0022 aria-label=\u0022Wallboxenhersteller Keba \u00fcbernimmt Enercharge\u0022\u003E\n      \u003Cdiv class=\u0022teaser-content--image\u0022\u003E\n        \u003Cfigure class=\u0022image--figure\u0022\u003E\n        \u003Cpicture\u003E\n                        \u003Csource srcset=\u0022\/sites\/default\/files\/styles\/teaser_standard__m\/public\/aurora\/2024\/10\/396412.jpeg.webp?itok=cutIOcC9 1x\u0022 media=\u0022(min-width: 48.0625em) and (max-width: 64em)\u0022 type=\u0022image\/webp\u0022 width=\u0022323\u0022 height=\u0022182\u0022\/\u003E\n                  \u003Csource srcset=\u0022\/sites\/default\/files\/styles\/teaser_standard__l\/public\/aurora\/2024\/10\/396412.jpeg.webp?itok=Bmm0h1P5 1x\u0022 media=\u0022(min-width: 64.0625em)\u0022 type=\u0022image\/webp\u0022 width=\u0022203\u0022 height=\u0022114\u0022\/\u003E\n                  \u003Csource srcset=\u0022\/sites\/default\/files\/styles\/teaser_standard__m\/public\/aurora\/2024\/10\/396412.jpeg?itok=McQrUrkn 1x\u0022 media=\u0022(min-width: 48.0625em) and (max-width: 64em)\u0022 type=\u0022image\/jpeg\u0022 width=\u0022323\u0022 height=\u0022182\u0022\/\u003E\n                  \u003Csource srcset=\u0022\/sites\/default\/files\/styles\/teaser_standard__l\/public\/aurora\/2024\/10\/396412.jpeg?itok=upQxwoOL 1x\u0022 media=\u0022(min-width: 64.0625em)\u0022 type=\u0022image\/jpeg\u0022 width=\u0022203\u0022 height=\u0022114\u0022\/\u003E\n                          \u003Cimg alt=\u0022Mit der \u00dcbernahme von Enercharge nimmt Keba auch leistungsstarke DC-Ladestionen ins Portfolio auf.\u0022 loading=\u0022eager\u0022 data-caption-hide width=\u0022708\u0022 height=\u0022398\u0022 data-zoomed=\u0022https:\/\/www.photovoltaik.eu\/sites\/default\/files\/styles\/content__zoomed\/public\/aurora\/2024\/10\/396412.jpeg?itok=ClB92eLE\u0022 src=\u0022\/sites\/default\/files\/styles\/teaser_standard__s\/public\/aurora\/2024\/10\/396412.jpeg?itok=lwEOHOOe\u0022 title=\u0022\u00a9 Enercharge\u0022 \/\u003E\n\n    \u003C\/picture\u003E\n      \u003Cfigcaption class=\u0022image--figcaption\u0022\u003E\n          \u003Cdiv class=\u0022copyright\u0022\u003EEnercharge\u003C\/div\u003E\n          \u003C\/figcaption\u003E\n\u003C\/figure\u003E\n\n\n    \u003C\/div\u003E\n    \u003Cdiv class=\u0022teaser-content\u0022\u003E\n                    \u003Cdiv class=\u0022teaser-content--kicker\u0022\u003E\n                    \n        \u003C\/div\u003E\n                                              \n                        \n        \u003Ch4 class=\u0022teaser-content--headline\u0022\u003E\n                                Wallboxenhersteller Keba \u00fcbernimmt \n                              \u003Cspan class=\u0022headline-last-word-arrow\u0022\u003EEnercharge                      \u003C\/span\u003E\n        \u003C\/h4\u003E\n            \u003Cdiv class=\u0022teaser-content--publishing-date\u0022\u003E\u003Ctime datetime=\u00222024-10-09T08:00:03Z\u0022\u003E09.10.2024\u003C\/time\u003E\n\u003C\/div\u003E\u003Cspan class=\u0022teaser-content--publishing-date-divider\u0022\u003E - \u003C\/span\u003E\u003Cdiv class=\u0022teaser-content--body\u0022\u003E\u003Cp\u003EMit der \u00dcbernahme rettet Keba den Mitbewerber aus der Insolvenz. Denn Enercharge hatte Schwierigkeiten mit der Lieferkette, was die Kostenstruktur zerst\u00f6rte. Keba wird damit zum Vollsortimenter im Lades\u00e4ulenbereich.\u003C\/p\u003E\n\u003C\/div\u003E\n                        \u003Cspan class=\u0022read-more-arrow-container\u0022\u003E\n            \u003Cspan class=\u0022read-more-angled-arrow\u0022\u003E \u003C\/span\u003E\n          \u003C\/span\u003E\n                  \u003C\/div\u003E\n    \u003C\/a\u003E\n\u003Ca href=\u0022\/solarmodule\/longi-mehr-als-fuenf-milliarden-euro-im-ersten-halbjahr-umgesetzt\u0022  class=\u0022teaser teaser--standard\u0022 aria-label=\u0022Longi: Mehr als f\u00fcnf Milliarden Euro im ersten Halbjahr umgesetzt\u0022\u003E\n      \u003Cdiv class=\u0022teaser-content--image\u0022\u003E\n        \u003Cfigure class=\u0022image--figure\u0022\u003E\n        \u003Cpicture\u003E\n                        \u003Csource srcset=\u0022\/sites\/default\/files\/styles\/teaser_standard__m\/public\/aurora\/2024\/09\/393029.jpeg.webp?itok=tCTiEx13 1x\u0022 media=\u0022(min-width: 48.0625em) and (max-width: 64em)\u0022 type=\u0022image\/webp\u0022 width=\u0022323\u0022 height=\u0022182\u0022\/\u003E\n                  \u003Csource srcset=\u0022\/sites\/default\/files\/styles\/teaser_standard__l\/public\/aurora\/2024\/09\/393029.jpeg.webp?itok=KvNHRE1q 1x\u0022 media=\u0022(min-width: 64.0625em)\u0022 type=\u0022image\/webp\u0022 width=\u0022203\u0022 height=\u0022114\u0022\/\u003E\n                  \u003Csource srcset=\u0022\/sites\/default\/files\/styles\/teaser_standard__m\/public\/aurora\/2024\/09\/393029.jpeg?itok=aNfBOQI7 1x\u0022 media=\u0022(min-width: 48.0625em) and (max-width: 64em)\u0022 type=\u0022image\/jpeg\u0022 width=\u0022323\u0022 height=\u0022182\u0022\/\u003E\n                  \u003Csource srcset=\u0022\/sites\/default\/files\/styles\/teaser_standard__l\/public\/aurora\/2024\/09\/393029.jpeg?itok=tacVks66 1x\u0022 media=\u0022(min-width: 64.0625em)\u0022 type=\u0022image\/jpeg\u0022 width=\u0022203\u0022 height=\u0022114\u0022\/\u003E\n                          \u003Cimg loading=\u0022eager\u0022 data-caption-hide width=\u0022708\u0022 height=\u0022398\u0022 alt=\u0022Longi geh\u00f6rt zu den gr\u00f6\u00dften Anbietern von Wafern, Solarzellen und Modulen aus China.\u0022 data-zoomed=\u0022https:\/\/www.photovoltaik.eu\/sites\/default\/files\/styles\/content__zoomed\/public\/aurora\/2024\/09\/393029.jpeg?itok=qK4Mad3V\u0022 src=\u0022\/sites\/default\/files\/styles\/teaser_standard__s\/public\/aurora\/2024\/09\/393029.jpeg?itok=52XDDHw5\u0022 title=\u0022\u00a9 Heiko Schwarzburger\u0022 \/\u003E\n\n    \u003C\/picture\u003E\n      \u003Cfigcaption class=\u0022image--figcaption\u0022\u003E\n          \u003Cdiv class=\u0022copyright\u0022\u003EHeiko Schwarzburger\u003C\/div\u003E\n          \u003C\/figcaption\u003E\n\u003C\/figure\u003E\n\n\n    \u003C\/div\u003E\n    \u003Cdiv class=\u0022teaser-content\u0022\u003E\n                    \u003Cdiv class=\u0022teaser-content--kicker\u0022\u003E\n                    \n        \u003C\/div\u003E\n                                              \n                        \n        \u003Ch4 class=\u0022teaser-content--headline\u0022\u003E\n                                Longi: Mehr als f\u00fcnf Milliarden Euro im ersten Halbjahr \n                              \u003Cspan class=\u0022headline-last-word-arrow\u0022\u003Eumgesetzt                      \u003C\/span\u003E\n        \u003C\/h4\u003E\n            \u003Cdiv class=\u0022teaser-content--publishing-date\u0022\u003E\u003Ctime datetime=\u00222024-10-06T11:30:03Z\u0022\u003E06.10.2024\u003C\/time\u003E\n\u003C\/div\u003E\u003Cspan class=\u0022teaser-content--publishing-date-divider\u0022\u003E - \u003C\/span\u003E\u003Cdiv class=\u0022teaser-content--body\u0022\u003E\u003Cp\u003EDer chinesische Modulhersteller hat den Umsatz f\u00fcr das erste Halbjahr 2024 ver\u00f6ffentlicht. Die Analyse bietet spannende Zahlen nicht nur zum harten Preiskampf im Modulgesch\u00e4ft, sondern auch zur Marktentwicklung in China und weltweit.\u003C\/p\u003E\n\u003C\/div\u003E\n                        \u003Cspan class=\u0022read-more-arrow-container\u0022\u003E\n            \u003Cspan class=\u0022read-more-angled-arrow\u0022\u003E \u003C\/span\u003E\n          \u003C\/span\u003E\n                  \u003C\/div\u003E\n    \u003C\/a\u003E\n\u003Ca href=\u0022\/preise\/pvxchange-keine-stabilisierung-der-modulpreise-sicht\u0022  class=\u0022teaser teaser--standard\u0022 aria-label=\u0022PVXchange: Keine Stabilisierung der Modulpreise in Sicht\u0022\u003E\n      \u003Cdiv class=\u0022teaser-content--image\u0022\u003E\n        \u003Cfigure class=\u0022image--figure\u0022\u003E\n        \u003Cpicture\u003E\n                        \u003Csource srcset=\u0022\/sites\/default\/files\/styles\/teaser_standard__m\/public\/aurora\/2024\/09\/392548.jpeg.webp?itok=LsEBdidm 1x\u0022 media=\u0022(min-width: 48.0625em) and (max-width: 64em)\u0022 type=\u0022image\/webp\u0022 width=\u0022323\u0022 height=\u0022182\u0022\/\u003E\n                  \u003Csource srcset=\u0022\/sites\/default\/files\/styles\/teaser_standard__l\/public\/aurora\/2024\/09\/392548.jpeg.webp?itok=yr1OtYm3 1x\u0022 media=\u0022(min-width: 64.0625em)\u0022 type=\u0022image\/webp\u0022 width=\u0022203\u0022 height=\u0022114\u0022\/\u003E\n                  \u003Csource srcset=\u0022\/sites\/default\/files\/styles\/teaser_standard__m\/public\/aurora\/2024\/09\/392548.jpeg?itok=Ebm_VyPr 1x\u0022 media=\u0022(min-width: 48.0625em) and (max-width: 64em)\u0022 type=\u0022image\/jpeg\u0022 width=\u0022323\u0022 height=\u0022182\u0022\/\u003E\n                  \u003Csource srcset=\u0022\/sites\/default\/files\/styles\/teaser_standard__l\/public\/aurora\/2024\/09\/392548.jpeg?itok=IIt6q4Qw 1x\u0022 media=\u0022(min-width: 64.0625em)\u0022 type=\u0022image\/jpeg\u0022 width=\u0022203\u0022 height=\u0022114\u0022\/\u003E\n                          \u003Cimg alt=\u0022Die Preise f\u00fcr Solarmodule zeigen auch im September weiter nach unten.\u0022 loading=\u0022eager\u0022 data-caption-hide width=\u0022708\u0022 height=\u0022398\u0022 data-zoomed=\u0022https:\/\/www.photovoltaik.eu\/sites\/default\/files\/styles\/content__zoomed\/public\/aurora\/2024\/09\/392548.jpeg?itok=1bVgoYUI\u0022 src=\u0022\/sites\/default\/files\/styles\/teaser_standard__s\/public\/aurora\/2024\/09\/392548.jpeg?itok=nrBnyNwV\u0022 title=\u0022\u00a9 PVXchange\u0022 \/\u003E\n\n    \u003C\/picture\u003E\n      \u003Cfigcaption class=\u0022image--figcaption\u0022\u003E\n          \u003Cdiv class=\u0022copyright\u0022\u003EPVXchange\u003C\/div\u003E\n          \u003C\/figcaption\u003E\n\u003C\/figure\u003E\n\n\n    \u003C\/div\u003E\n    \u003Cdiv class=\u0022teaser-content\u0022\u003E\n                    \u003Cdiv class=\u0022teaser-content--kicker\u0022\u003E\n                    \n        \u003C\/div\u003E\n                                              \n                        \n        \u003Ch4 class=\u0022teaser-content--headline\u0022\u003E\n                                PVXchange: Keine Stabilisierung der Modulpreise in \n                              \u003Cspan class=\u0022headline-last-word-arrow\u0022\u003ESicht                      \u003C\/span\u003E\n        \u003C\/h4\u003E\n            \u003Cdiv class=\u0022teaser-content--publishing-date\u0022\u003E\u003Ctime datetime=\u00222024-09-24T09:00:03Z\u0022\u003E24.09.2024\u003C\/time\u003E\n\u003C\/div\u003E\u003Cspan class=\u0022teaser-content--publishing-date-divider\u0022\u003E - \u003C\/span\u003E\u003Cdiv class=\u0022teaser-content--body\u0022\u003E\u003Cp\u003EErneut sind die Modulpreise gesunken, auch wenn das kaum noch vorstellbar ist. Notverk\u00e4ufe der Hersteller und H\u00e4ndler sollen die Lager bereinigen. Das Quartalsende steht vor der T\u00fcr und damit die Ver\u00f6ffentlichung von Zahlen der b\u00f6rsennotierten Unternehmen.\u003C\/p\u003E\n\u003C\/div\u003E\n                        \u003Cspan class=\u0022read-more-arrow-container\u0022\u003E\n            \u003Cspan class=\u0022read-more-angled-arrow\u0022\u003E \u003C\/span\u003E\n          \u003C\/span\u003E\n                  \u003C\/div\u003E\n    \u003C\/a\u003E\n\u003Ca href=\u0022\/solarmodule\/ira-fraunhofer-ise-unterstuetzt-solarindustrie-den-usa\u0022  class=\u0022teaser teaser--standard\u0022 aria-label=\u0022IRA: Fraunhofer ISE unterst\u00fctzt Solarindustrie in den USA\u0022\u003E\n      \u003Cdiv class=\u0022teaser-content--image\u0022\u003E\n        \u003Cfigure class=\u0022image--figure\u0022\u003E\n        \u003Cpicture\u003E\n                        \u003Csource srcset=\u0022\/sites\/default\/files\/styles\/teaser_standard__m\/public\/aurora\/2024\/09\/390568.jpeg.webp?itok=G0IUZ8ED 1x\u0022 media=\u0022(min-width: 48.0625em) and (max-width: 64em)\u0022 type=\u0022image\/webp\u0022 width=\u0022323\u0022 height=\u0022216\u0022\/\u003E\n                  \u003Csource srcset=\u0022\/sites\/default\/files\/styles\/teaser_standard__l\/public\/aurora\/2024\/09\/390568.jpeg.webp?itok=PRj5BQMZ 1x\u0022 media=\u0022(min-width: 64.0625em)\u0022 type=\u0022image\/webp\u0022 width=\u0022203\u0022 height=\u0022135\u0022\/\u003E\n                  \u003Csource srcset=\u0022\/sites\/default\/files\/styles\/teaser_standard__m\/public\/aurora\/2024\/09\/390568.jpeg?itok=TKfKvdKy 1x\u0022 media=\u0022(min-width: 48.0625em) and (max-width: 64em)\u0022 type=\u0022image\/jpeg\u0022 width=\u0022323\u0022 height=\u0022216\u0022\/\u003E\n                  \u003Csource srcset=\u0022\/sites\/default\/files\/styles\/teaser_standard__l\/public\/aurora\/2024\/09\/390568.jpeg?itok=5e9Xdi_s 1x\u0022 media=\u0022(min-width: 64.0625em)\u0022 type=\u0022image\/jpeg\u0022 width=\u0022203\u0022 height=\u0022135\u0022\/\u003E\n                          \u003Cimg alt=\u0022Eine am Fraunhofer ISE hergestellte Topcon Solarzelle im M10 Format.\u0022 loading=\u0022eager\u0022 data-caption-hide width=\u0022597\u0022 height=\u0022398\u0022 data-zoomed=\u0022https:\/\/www.photovoltaik.eu\/sites\/default\/files\/styles\/content__zoomed\/public\/aurora\/2024\/09\/390568.jpeg?itok=SXZ-w3cK\u0022 src=\u0022\/sites\/default\/files\/styles\/teaser_standard__s\/public\/aurora\/2024\/09\/390568.jpeg?itok=Q3-N3GUg\u0022 title=\u0022\u00a9 Fraunhofer ISE\u0022 \/\u003E\n\n    \u003C\/picture\u003E\n      \u003Cfigcaption class=\u0022image--figcaption\u0022\u003E\n          \u003Cdiv class=\u0022copyright\u0022\u003EFraunhofer ISE\u003C\/div\u003E\n          \u003C\/figcaption\u003E\n\u003C\/figure\u003E\n\n\n    \u003C\/div\u003E\n    \u003Cdiv class=\u0022teaser-content\u0022\u003E\n                    \u003Cdiv class=\u0022teaser-content--kicker\u0022\u003E\n                    \n        \u003C\/div\u003E\n                                              \n                        \n        \u003Ch4 class=\u0022teaser-content--headline\u0022\u003E\n                                IRA: Fraunhofer ISE unterst\u00fctzt Solarindustrie in den \n                              \u003Cspan class=\u0022headline-last-word-arrow\u0022\u003EUSA                      \u003C\/span\u003E\n        \u003C\/h4\u003E\n            \u003Cdiv class=\u0022teaser-content--publishing-date\u0022\u003E\u003Ctime datetime=\u00222024-09-13T13:15:03Z\u0022\u003E13.09.2024\u003C\/time\u003E\n\u003C\/div\u003E\u003Cspan class=\u0022teaser-content--publishing-date-divider\u0022\u003E - \u003C\/span\u003E\u003Cdiv class=\u0022teaser-content--body\u0022\u003E\u003Cp\u003EMithilfe das Inflation Reduction Act, kurz IRA, wachsen aktuell in den USA eine Vielzahl von Solarfertigungen entlang der gesamten Wertsch\u00f6pfungskette. Das Fraunhofer ISE unterst\u00fctzt einige dieser Unternehmen bei Technologiewahl, Produktdesign sowie Fabriklayout w\u00e4hrend des Hochlaufs der Produktion \u2013 wie bei Convalt Energy im US-Bundesstaat New York.\u003C\/p\u003E\n\u003C\/div\u003E\n                        \u003Cspan class=\u0022read-more-arrow-container\u0022\u003E\n            \u003Cspan class=\u0022read-more-angled-arrow\u0022\u003E \u003C\/span\u003E\n          \u003C\/span\u003E\n                  \u003C\/div\u003E\n    \u003C\/a\u003E\n\u003Ca href=\u0022\/foerderung\/brandenburg-oekoenergien-koennten-bis-2040-rund-65000-arbeitsplaetze-bieten\u0022  class=\u0022teaser teaser--standard\u0022 aria-label=\u0022Brandenburg: \u00d6koenergien k\u00f6nnten bis 2040 rund 65.000 Arbeitspl\u00e4tze bieten\u0022\u003E\n      \u003Cdiv class=\u0022teaser-content--image\u0022\u003E\n        \u003Cfigure class=\u0022image--figure\u0022\u003E\n        \u003Cpicture\u003E\n                        \u003Csource srcset=\u0022\/sites\/default\/files\/styles\/teaser_standard__m\/public\/aurora\/2024\/09\/388649.jpeg.webp?itok=nJwy-2Fg 1x\u0022 media=\u0022(min-width: 48.0625em) and (max-width: 64em)\u0022 type=\u0022image\/webp\u0022 width=\u0022323\u0022 height=\u0022182\u0022\/\u003E\n                  \u003Csource srcset=\u0022\/sites\/default\/files\/styles\/teaser_standard__l\/public\/aurora\/2024\/09\/388649.jpeg.webp?itok=d5lwK_GG 1x\u0022 media=\u0022(min-width: 64.0625em)\u0022 type=\u0022image\/webp\u0022 width=\u0022203\u0022 height=\u0022114\u0022\/\u003E\n                  \u003Csource srcset=\u0022\/sites\/default\/files\/styles\/teaser_standard__m\/public\/aurora\/2024\/09\/388649.jpeg?itok=cQNFjlWR 1x\u0022 media=\u0022(min-width: 48.0625em) and (max-width: 64em)\u0022 type=\u0022image\/jpeg\u0022 width=\u0022323\u0022 height=\u0022182\u0022\/\u003E\n                  \u003Csource srcset=\u0022\/sites\/default\/files\/styles\/teaser_standard__l\/public\/aurora\/2024\/09\/388649.jpeg?itok=_v_SRb1b 1x\u0022 media=\u0022(min-width: 64.0625em)\u0022 type=\u0022image\/jpeg\u0022 width=\u0022203\u0022 height=\u0022114\u0022\/\u003E\n                          \u003Cimg loading=\u0022eager\u0022 data-caption-hide width=\u0022708\u0022 height=\u0022398\u0022 alt=\u0022Blick in das neue Solarwerk von Oxford PV in Brandenburg an der Havel.\u0022 data-zoomed=\u0022https:\/\/www.photovoltaik.eu\/sites\/default\/files\/styles\/content__zoomed\/public\/aurora\/2024\/09\/388649.jpeg?itok=q9L_wjkb\u0022 src=\u0022\/sites\/default\/files\/styles\/teaser_standard__s\/public\/aurora\/2024\/09\/388649.jpeg?itok=Kroq99a0\u0022 title=\u0022\u00a9 Oxford PV\u0022 \/\u003E\n\n    \u003C\/picture\u003E\n      \u003Cfigcaption class=\u0022image--figcaption\u0022\u003E\n          \u003Cdiv class=\u0022copyright\u0022\u003EOxford PV\u003C\/div\u003E\n          \u003C\/figcaption\u003E\n\u003C\/figure\u003E\n\n\n    \u003C\/div\u003E\n    \u003Cdiv class=\u0022teaser-content\u0022\u003E\n                    \u003Cdiv class=\u0022teaser-content--kicker\u0022\u003E\n                    \n        \u003C\/div\u003E\n                                              \n                        \n        \u003Ch4 class=\u0022teaser-content--headline\u0022\u003E\n                                Brandenburg: \u00d6koenergien k\u00f6nnten bis 2040 rund 65.000 Arbeitspl\u00e4tze \n                              \u003Cspan class=\u0022headline-last-word-arrow\u0022\u003Ebieten                      \u003C\/span\u003E\n        \u003C\/h4\u003E\n            \u003Cdiv class=\u0022teaser-content--publishing-date\u0022\u003E\u003Ctime datetime=\u00222024-09-12T06:00:04Z\u0022\u003E12.09.2024\u003C\/time\u003E\n\u003C\/div\u003E\u003Cspan class=\u0022teaser-content--publishing-date-divider\u0022\u003E - \u003C\/span\u003E\u003Cdiv class=\u0022teaser-content--body\u0022\u003E\u003Cp\u003EErneuerbare schaffen Arbeitspl\u00e4tze und Wohlstand in Brandenburgs Kommunen. Neben Windkraft, Solarenergie und Bioenergie wird dabei k\u00fcnftig auch die Wasserstoffbranche ein wichtiger Wirtschaftsfaktor sein. Laut einer aktuellen Studie generierte Brandenburgs Solarbranche im Jahr 2023 bereits zwei Milliarden Euro.\u003C\/p\u003E\n\u003C\/div\u003E\n                        \u003Cspan class=\u0022read-more-arrow-container\u0022\u003E\n            \u003Cspan class=\u0022read-more-angled-arrow\u0022\u003E \u003C\/span\u003E\n          \u003C\/span\u003E\n                  \u003C\/div\u003E\n    \u003C\/a\u003E\n\u003Ca href=\u0022\/solarmodule\/oxford-pv-produktion-von-perowskit-modulen-gestartet\u0022  class=\u0022teaser teaser--standard\u0022 aria-label=\u0022Oxford PV: Produktion von Perowskit-Modulen gestartet\u0022\u003E\n      \u003Cdiv class=\u0022teaser-content--image\u0022\u003E\n        \u003Cfigure class=\u0022image--figure\u0022\u003E\n        \u003Cpicture\u003E\n                        \u003Csource srcset=\u0022\/sites\/default\/files\/styles\/teaser_standard__m\/public\/aurora\/2024\/09\/389138.jpeg.webp?itok=DtIKHjkF 1x\u0022 media=\u0022(min-width: 48.0625em) and (max-width: 64em)\u0022 type=\u0022image\/webp\u0022 width=\u0022323\u0022 height=\u0022215\u0022\/\u003E\n                  \u003Csource srcset=\u0022\/sites\/default\/files\/styles\/teaser_standard__l\/public\/aurora\/2024\/09\/389138.jpeg.webp?itok=UJpOSLt1 1x\u0022 media=\u0022(min-width: 64.0625em)\u0022 type=\u0022image\/webp\u0022 width=\u0022203\u0022 height=\u0022135\u0022\/\u003E\n                  \u003Csource srcset=\u0022\/sites\/default\/files\/styles\/teaser_standard__m\/public\/aurora\/2024\/09\/389138.jpeg?itok=N2HsjNq5 1x\u0022 media=\u0022(min-width: 48.0625em) and (max-width: 64em)\u0022 type=\u0022image\/jpeg\u0022 width=\u0022323\u0022 height=\u0022215\u0022\/\u003E\n                  \u003Csource srcset=\u0022\/sites\/default\/files\/styles\/teaser_standard__l\/public\/aurora\/2024\/09\/389138.jpeg?itok=ePnuqHcb 1x\u0022 media=\u0022(min-width: 64.0625em)\u0022 type=\u0022image\/jpeg\u0022 width=\u0022203\u0022 height=\u0022135\u0022\/\u003E\n                          \u003Cimg loading=\u0022eager\u0022 data-caption-hide width=\u0022597\u0022 height=\u0022398\u0022 alt=\u0022Die neuartigen Module werden nun in Serie gefertigt und angeboten.\u0022 data-zoomed=\u0022https:\/\/www.photovoltaik.eu\/sites\/default\/files\/styles\/content__zoomed\/public\/aurora\/2024\/09\/389138.jpeg?itok=3SQ_QgOF\u0022 src=\u0022\/sites\/default\/files\/styles\/teaser_standard__s\/public\/aurora\/2024\/09\/389138.jpeg?itok=JUI7xyLK\u0022 title=\u0022\u00a9 Oxford PV\/BM\u0022 \/\u003E\n\n    \u003C\/picture\u003E\n      \u003Cfigcaption class=\u0022image--figcaption\u0022\u003E\n          \u003Cdiv class=\u0022copyright\u0022\u003EOxford PV\/BM\u003C\/div\u003E\n          \u003C\/figcaption\u003E\n\u003C\/figure\u003E\n\n\n    \u003C\/div\u003E\n    \u003Cdiv class=\u0022teaser-content\u0022\u003E\n                    \u003Cdiv class=\u0022teaser-content--kicker\u0022\u003E\n                    \n        \u003C\/div\u003E\n                                              \n                        \n        \u003Ch4 class=\u0022teaser-content--headline\u0022\u003E\n                                Oxford PV: Produktion von Perowskit-Modulen \n                              \u003Cspan class=\u0022headline-last-word-arrow\u0022\u003Egestartet                      \u003C\/span\u003E\n        \u003C\/h4\u003E\n            \u003Cdiv class=\u0022teaser-content--publishing-date\u0022\u003E\u003Ctime datetime=\u00222024-09-11T06:00:03Z\u0022\u003E11.09.2024\u003C\/time\u003E\n\u003C\/div\u003E\u003Cspan class=\u0022teaser-content--publishing-date-divider\u0022\u003E - \u003C\/span\u003E\u003Cdiv class=\u0022teaser-content--body\u0022\u003E\u003Cp\u003EIm Werk in Brandenburg an der Havel ist die Serienfertigung der neuartigen Module angelaufen. Die ersten Paneele gingen an Kunden aus den USA. Die Pilotlinie soll z\u00fcgig ausgebaut und auf Gigawatt skaliert werden.\u003C\/p\u003E\n\u003C\/div\u003E\n                        \u003Cspan class=\u0022read-more-arrow-container\u0022\u003E\n            \u003Cspan class=\u0022read-more-angled-arrow\u0022\u003E \u003C\/span\u003E\n          \u003C\/span\u003E\n                  \u003C\/div\u003E\n    \u003C\/a\u003E\n\u003Ca href=\u0022\/solarspeicher\/batteriehersteller-bmz-baut-fertigung-nordmazedonien-auf\u0022  class=\u0022teaser teaser--standard\u0022 aria-label=\u0022Batteriehersteller BMZ baut Fertigung in Nordmazedonien auf\u0022\u003E\n      \u003Cdiv class=\u0022teaser-content--image\u0022\u003E\n        \u003Cfigure class=\u0022image--figure\u0022\u003E\n        \u003Cpicture\u003E\n                        \u003Csource srcset=\u0022\/sites\/default\/files\/styles\/teaser_standard__m\/public\/aurora\/2024\/09\/389650.jpeg.webp?itok=KqWd_Uwv 1x\u0022 media=\u0022(min-width: 48.0625em) and (max-width: 64em)\u0022 type=\u0022image\/webp\u0022 width=\u0022323\u0022 height=\u0022182\u0022\/\u003E\n                  \u003Csource srcset=\u0022\/sites\/default\/files\/styles\/teaser_standard__l\/public\/aurora\/2024\/09\/389650.jpeg.webp?itok=GdLWU8Tn 1x\u0022 media=\u0022(min-width: 64.0625em)\u0022 type=\u0022image\/webp\u0022 width=\u0022203\u0022 height=\u0022114\u0022\/\u003E\n                  \u003Csource srcset=\u0022\/sites\/default\/files\/styles\/teaser_standard__m\/public\/aurora\/2024\/09\/389650.jpeg?itok=_OCo2pSM 1x\u0022 media=\u0022(min-width: 48.0625em) and (max-width: 64em)\u0022 type=\u0022image\/jpeg\u0022 width=\u0022323\u0022 height=\u0022182\u0022\/\u003E\n                  \u003Csource srcset=\u0022\/sites\/default\/files\/styles\/teaser_standard__l\/public\/aurora\/2024\/09\/389650.jpeg?itok=JwInbEP2 1x\u0022 media=\u0022(min-width: 64.0625em)\u0022 type=\u0022image\/jpeg\u0022 width=\u0022203\u0022 height=\u0022114\u0022\/\u003E\n                          \u003Cimg alt=\u0022Der Bau hat begonnen. Zum Spatenstich kamen sogar Premierminister Hristijan Mickoski (3.v.l.) und Finanzministerin Gordana Dimitrieska \u2013 Kocoska (links).\u0022 loading=\u0022eager\u0022 data-caption-hide width=\u0022708\u0022 height=\u0022398\u0022 data-zoomed=\u0022https:\/\/www.photovoltaik.eu\/sites\/default\/files\/styles\/content__zoomed\/public\/aurora\/2024\/09\/389650.jpeg?itok=vGm4Me0B\u0022 src=\u0022\/sites\/default\/files\/styles\/teaser_standard__s\/public\/aurora\/2024\/09\/389650.jpeg?itok=epwPkAA-\u0022 title=\u0022\u00a9 BMZ Group\u0022 \/\u003E\n\n    \u003C\/picture\u003E\n      \u003Cfigcaption class=\u0022image--figcaption\u0022\u003E\n          \u003Cdiv class=\u0022copyright\u0022\u003EBMZ Group\u003C\/div\u003E\n          \u003C\/figcaption\u003E\n\u003C\/figure\u003E\n\n\n    \u003C\/div\u003E\n    \u003Cdiv class=\u0022teaser-content\u0022\u003E\n                    \u003Cdiv class=\u0022teaser-content--kicker\u0022\u003E\n                    \n        \u003C\/div\u003E\n                                              \n                        \n        \u003Ch4 class=\u0022teaser-content--headline\u0022\u003E\n                                Batteriehersteller BMZ baut Fertigung in Nordmazedonien \n                              \u003Cspan class=\u0022headline-last-word-arrow\u0022\u003Eauf                      \u003C\/span\u003E\n        \u003C\/h4\u003E\n            \u003Cdiv class=\u0022teaser-content--publishing-date\u0022\u003E\u003Ctime datetime=\u00222024-09-10T09:00:03Z\u0022\u003E10.09.2024\u003C\/time\u003E\n\u003C\/div\u003E\u003Cspan class=\u0022teaser-content--publishing-date-divider\u0022\u003E - \u003C\/span\u003E\u003Cdiv class=\u0022teaser-content--body\u0022\u003E\u003Cp\u003EDie Batteriefertigung in der neuen Fabrik soll im Mai 2025 starten. Es werden 700 neue Arbeitspl\u00e4tze entstehen. Mit dem Werk will sich BMZ st\u00e4rker am Weltmarkt aufstellen.\u003C\/p\u003E\n\u003C\/div\u003E\n                        \u003Cspan class=\u0022read-more-arrow-container\u0022\u003E\n            \u003Cspan class=\u0022read-more-angled-arrow\u0022\u003E \u003C\/span\u003E\n          \u003C\/span\u003E\n                  \u003C\/div\u003E\n    \u003C\/a\u003E\n\u003Ca href=\u0022\/preise\/pvxchange-modulpreise-rauschen-weiter-abwaerts\u0022  class=\u0022teaser teaser--standard\u0022 aria-label=\u0022PVXchange: Modulpreise rauschen weiter abw\u00e4rts\u0022\u003E\n      \u003Cdiv class=\u0022teaser-content--image\u0022\u003E\n        \u003Cfigure class=\u0022image--figure\u0022\u003E\n        \u003Cpicture\u003E\n                        \u003Csource srcset=\u0022\/sites\/default\/files\/styles\/teaser_standard__m\/public\/aurora\/2024\/08\/384735.jpeg.webp?itok=z5zCPC9p 1x\u0022 media=\u0022(min-width: 48.0625em) and (max-width: 64em)\u0022 type=\u0022image\/webp\u0022 width=\u0022323\u0022 height=\u0022182\u0022\/\u003E\n                  \u003Csource srcset=\u0022\/sites\/default\/files\/styles\/teaser_standard__l\/public\/aurora\/2024\/08\/384735.jpeg.webp?itok=n1UEG-_I 1x\u0022 media=\u0022(min-width: 64.0625em)\u0022 type=\u0022image\/webp\u0022 width=\u0022203\u0022 height=\u0022114\u0022\/\u003E\n                  \u003Csource srcset=\u0022\/sites\/default\/files\/styles\/teaser_standard__m\/public\/aurora\/2024\/08\/384735.jpeg?itok=QdTwZbBi 1x\u0022 media=\u0022(min-width: 48.0625em) and (max-width: 64em)\u0022 type=\u0022image\/jpeg\u0022 width=\u0022323\u0022 height=\u0022182\u0022\/\u003E\n                  \u003Csource srcset=\u0022\/sites\/default\/files\/styles\/teaser_standard__l\/public\/aurora\/2024\/08\/384735.jpeg?itok=AYOggUSj 1x\u0022 media=\u0022(min-width: 64.0625em)\u0022 type=\u0022image\/jpeg\u0022 width=\u0022203\u0022 height=\u0022114\u0022\/\u003E\n                          \u003Cimg alt=\u0022Die Modulpreise gehen auch im August weiter auf Talfahrt.\u0022 loading=\u0022eager\u0022 data-caption-hide width=\u0022708\u0022 height=\u0022398\u0022 data-zoomed=\u0022https:\/\/www.photovoltaik.eu\/sites\/default\/files\/styles\/content__zoomed\/public\/aurora\/2024\/08\/384735.jpeg?itok=UnElUwEf\u0022 src=\u0022\/sites\/default\/files\/styles\/teaser_standard__s\/public\/aurora\/2024\/08\/384735.jpeg?itok=O70A5D3P\u0022 title=\u0022\u00a9 PVXchange\u0022 \/\u003E\n\n    \u003C\/picture\u003E\n      \u003Cfigcaption class=\u0022image--figcaption\u0022\u003E\n          \u003Cdiv class=\u0022copyright\u0022\u003EPVXchange\u003C\/div\u003E\n          \u003C\/figcaption\u003E\n\u003C\/figure\u003E\n\n\n    \u003C\/div\u003E\n    \u003Cdiv class=\u0022teaser-content\u0022\u003E\n                    \u003Cdiv class=\u0022teaser-content--kicker\u0022\u003E\n                    \n        \u003C\/div\u003E\n                                              \n                        \n        \u003Ch4 class=\u0022teaser-content--headline\u0022\u003E\n                                PVXchange: Modulpreise rauschen weiter \n                              \u003Cspan class=\u0022headline-last-word-arrow\u0022\u003Eabw\u00e4rts                      \u003C\/span\u003E\n        \u003C\/h4\u003E\n            \u003Cdiv class=\u0022teaser-content--publishing-date\u0022\u003E\u003Ctime datetime=\u00222024-08-22T11:00:03Z\u0022\u003E22.08.2024\u003C\/time\u003E\n\u003C\/div\u003E\u003Cspan class=\u0022teaser-content--publishing-date-divider\u0022\u003E - \u003C\/span\u003E\u003Cdiv class=\u0022teaser-content--body\u0022\u003E\u003Cp\u003EDer Markt sendet im August widerspr\u00fcchliche Signale. Einerseits herrscht eine gewisse Aufbruchstimmung. Andererseits h\u00e4ufen sich Firmenpleiten. Und die Modulpreise bleiben auf Talfahrt \u2013 keine Erholung in Sicht.\u003C\/p\u003E\n\u003C\/div\u003E\n                        \u003Cspan class=\u0022read-more-arrow-container\u0022\u003E\n            \u003Cspan class=\u0022read-more-angled-arrow\u0022\u003E \u003C\/span\u003E\n          \u003C\/span\u003E\n                  \u003C\/div\u003E\n    \u003C\/a\u003E\n\u003Ca href=\u0022\/hybridgeneratoren\/bipolarplatten-ohne-titan-im-elektrolyse-stack\u0022  class=\u0022teaser teaser--standard\u0022 aria-label=\u0022Bipolarplatten ohne Titan im Elektrolyse-Stack\u0022\u003E\n      \u003Cdiv class=\u0022teaser-content--image\u0022\u003E\n        \u003Cfigure class=\u0022image--figure\u0022\u003E\n        \u003Cpicture\u003E\n                        \u003Csource srcset=\u0022\/sites\/default\/files\/styles\/teaser_standard__m\/public\/aurora\/2024\/08\/382000.jpeg.webp?itok=kq5maJpj 1x\u0022 media=\u0022(min-width: 48.0625em) and (max-width: 64em)\u0022 type=\u0022image\/webp\u0022 width=\u0022323\u0022 height=\u0022242\u0022\/\u003E\n                  \u003Csource srcset=\u0022\/sites\/default\/files\/styles\/teaser_standard__l\/public\/aurora\/2024\/08\/382000.jpeg.webp?itok=a6h9P6rj 1x\u0022 media=\u0022(min-width: 64.0625em)\u0022 type=\u0022image\/webp\u0022 width=\u0022203\u0022 height=\u0022152\u0022\/\u003E\n                  \u003Csource srcset=\u0022\/sites\/default\/files\/styles\/teaser_standard__m\/public\/aurora\/2024\/08\/382000.jpeg?itok=yWgHH6hW 1x\u0022 media=\u0022(min-width: 48.0625em) and (max-width: 64em)\u0022 type=\u0022image\/jpeg\u0022 width=\u0022323\u0022 height=\u0022242\u0022\/\u003E\n                  \u003Csource srcset=\u0022\/sites\/default\/files\/styles\/teaser_standard__l\/public\/aurora\/2024\/08\/382000.jpeg?itok=pmHvK5sy 1x\u0022 media=\u0022(min-width: 64.0625em)\u0022 type=\u0022image\/jpeg\u0022 width=\u0022203\u0022 height=\u0022152\u0022\/\u003E\n                          \u003Cimg loading=\u0022eager\u0022 data-caption-hide width=\u0022531\u0022 height=\u0022398\u0022 alt=\u0022Eine sehr flexible Bipolarplatte auf Kohlenstoffbasis hat das Potenzial, Bipolarplatten aus Titan im Elektrolyse-Stack zu ersetzen.\u0022 data-zoomed=\u0022https:\/\/www.photovoltaik.eu\/sites\/default\/files\/styles\/content__zoomed\/public\/aurora\/2024\/08\/382000.jpeg?itok=1mIG9bMF\u0022 src=\u0022\/sites\/default\/files\/styles\/teaser_standard__s\/public\/aurora\/2024\/08\/382000.jpeg?itok=oMHrrdIQ\u0022 title=\u0022\u00a9 Fraunhofer Umsicht\u0022 \/\u003E\n\n    \u003C\/picture\u003E\n      \u003Cfigcaption class=\u0022image--figcaption\u0022\u003E\n          \u003Cdiv class=\u0022copyright\u0022\u003EFraunhofer Umsicht\u003C\/div\u003E\n          \u003C\/figcaption\u003E\n\u003C\/figure\u003E\n\n\n    \u003C\/div\u003E\n    \u003Cdiv class=\u0022teaser-content\u0022\u003E\n                    \u003Cdiv class=\u0022teaser-content--kicker\u0022\u003E\n                    \n        \u003C\/div\u003E\n                                              \n                        \n        \u003Ch4 class=\u0022teaser-content--headline\u0022\u003E\n                                Bipolarplatten ohne Titan im \n                              \u003Cspan class=\u0022headline-last-word-arrow\u0022\u003EElektrolyse-Stack                      \u003C\/span\u003E\n        \u003C\/h4\u003E\n            \u003Cdiv class=\u0022teaser-content--publishing-date\u0022\u003E\u003Ctime datetime=\u00222024-08-16T10:30:03Z\u0022\u003E16.08.2024\u003C\/time\u003E\n\u003C\/div\u003E\u003Cspan class=\u0022teaser-content--publishing-date-divider\u0022\u003E - \u003C\/span\u003E\u003Cdiv class=\u0022teaser-content--body\u0022\u003E\u003Cp\u003EDie Elektrolyse mit Proton-Exchange-Membran, kurz PEM, gilt als Hoffnungstr\u00e4ger auf dem Weg zu gr\u00fcnem Wasserstoff. Allerdings ist sie momentan noch wenig wirtschaftlich. Ein Grund: Ihre Schl\u00fcsselkomponente Bipolarplatte besteht in der Regel aus Titan. Das macht die PEM-Elektrolyse teuer.\u003C\/p\u003E\n\u003C\/div\u003E\n                        \u003Cspan class=\u0022read-more-arrow-container\u0022\u003E\n            \u003Cspan class=\u0022read-more-angled-arrow\u0022\u003E \u003C\/span\u003E\n          \u003C\/span\u003E\n                  \u003C\/div\u003E\n    \u003C\/a\u003E\n\u003Ca href=\u0022\/montage\/enstall-uebernimmt-schletter-group\u0022  class=\u0022teaser teaser--standard\u0022 aria-label=\u0022Enstall \u00fcbernimmt Schletter Group\u0022\u003E\n      \u003Cdiv class=\u0022teaser-content--image\u0022\u003E\n        \u003Cfigure class=\u0022image--figure\u0022\u003E\n        \u003Cpicture\u003E\n                        \u003Csource srcset=\u0022\/sites\/default\/files\/styles\/teaser_standard__m\/public\/aurora\/2024\/08\/381177.jpeg.webp?itok=Ofp3V5ZM 1x\u0022 media=\u0022(min-width: 48.0625em) and (max-width: 64em)\u0022 type=\u0022image\/webp\u0022 width=\u0022323\u0022 height=\u0022182\u0022\/\u003E\n                  \u003Csource srcset=\u0022\/sites\/default\/files\/styles\/teaser_standard__l\/public\/aurora\/2024\/08\/381177.jpeg.webp?itok=SAERqLKf 1x\u0022 media=\u0022(min-width: 64.0625em)\u0022 type=\u0022image\/webp\u0022 width=\u0022203\u0022 height=\u0022114\u0022\/\u003E\n                  \u003Csource srcset=\u0022\/sites\/default\/files\/styles\/teaser_standard__m\/public\/aurora\/2024\/08\/381177.jpeg?itok=P0LXxC6M 1x\u0022 media=\u0022(min-width: 48.0625em) and (max-width: 64em)\u0022 type=\u0022image\/jpeg\u0022 width=\u0022323\u0022 height=\u0022182\u0022\/\u003E\n                  \u003Csource srcset=\u0022\/sites\/default\/files\/styles\/teaser_standard__l\/public\/aurora\/2024\/08\/381177.jpeg?itok=VTOn7z4i 1x\u0022 media=\u0022(min-width: 64.0625em)\u0022 type=\u0022image\/jpeg\u0022 width=\u0022203\u0022 height=\u0022114\u0022\/\u003E\n                          \u003Cimg alt=\u0022Firmensitz der Schletter Group in Kirchdorf\/Haag.\u0022 loading=\u0022eager\u0022 data-caption-hide width=\u0022708\u0022 height=\u0022398\u0022 data-zoomed=\u0022https:\/\/www.photovoltaik.eu\/sites\/default\/files\/styles\/content__zoomed\/public\/aurora\/2024\/08\/381177.jpeg?itok=wxME5bbU\u0022 src=\u0022\/sites\/default\/files\/styles\/teaser_standard__s\/public\/aurora\/2024\/08\/381177.jpeg?itok=DLWbfPva\u0022 title=\u0022\u00a9 Schletter Group\u0022 \/\u003E\n\n    \u003C\/picture\u003E\n      \u003Cfigcaption class=\u0022image--figcaption\u0022\u003E\n          \u003Cdiv class=\u0022copyright\u0022\u003ESchletter Group\u003C\/div\u003E\n          \u003C\/figcaption\u003E\n\u003C\/figure\u003E\n\n\n    \u003C\/div\u003E\n    \u003Cdiv class=\u0022teaser-content\u0022\u003E\n                    \u003Cdiv class=\u0022teaser-content--kicker\u0022\u003E\n                    \n        \u003C\/div\u003E\n                                              \n                        \n        \u003Ch4 class=\u0022teaser-content--headline\u0022\u003E\n                                Enstall \u00fcbernimmt Schletter \n                              \u003Cspan class=\u0022headline-last-word-arrow\u0022\u003EGroup                      \u003C\/span\u003E\n        \u003C\/h4\u003E\n            \u003Cdiv class=\u0022teaser-content--publishing-date\u0022\u003E\u003Ctime datetime=\u00222024-08-03T11:00:04Z\u0022\u003E03.08.2024\u003C\/time\u003E\n\u003C\/div\u003E\u003Cspan class=\u0022teaser-content--publishing-date-divider\u0022\u003E - \u003C\/span\u003E\u003Cdiv class=\u0022teaser-content--body\u0022\u003E\u003Cp\u003EEnstall aus den Niederlanden \u00fcbernimmt die Schletter Group aus Bayern. Die derzeitigen Anteilseigner von Schletter, Avenue Capital Group und Robus Capital, werden Minderheitsgesellschafter von Enstall.\u003C\/p\u003E\n\u003C\/div\u003E\n                        \u003Cspan class=\u0022read-more-arrow-container\u0022\u003E\n            \u003Cspan class=\u0022read-more-angled-arrow\u0022\u003E \u003C\/span\u003E\n          \u003C\/span\u003E\n                  \u003C\/div\u003E\n    \u003C\/a\u003E\n","entity_type":"node","used_ids":[""],"show_more":"\u003Cdiv class=\u0022del-show-more\u0022\u003E\u003Ca href=\u0022\/ajax\/del\/f20db8f6-085f-4f76-be39-789cc1272ed2\/paragraph\/26\/19\/asc\/eyJub2RlIjp7ImlkIjoiMjAwNDMzIiwidHlwZSI6InBhZ2UifX0%3D\u0022 title=\u0022Mehr Elemente anzeigen\u0022 class=\u0022del-show-more-link use-ajax\u0022 rel=\u0022nofollow\u0022 data-target-type=\u0022node\u0022 aria-controls=\u0022del--paragraph-695585--content\u0022 aria-label=\u0022Mehr Elemente anzeigen\u0022\u003EMehr anzeigen\u003C\/a\u003E\u003C\/div\u003E\n"}]